{"id":27863,"date":"2026-04-03T08:30:00","date_gmt":"2026-04-03T07:30:00","guid":{"rendered":"http:\/\/www.sportingcanal.com\/?p=27863"},"modified":"2026-04-03T16:39:38","modified_gmt":"2026-04-03T15:39:38","slug":"futebol-sporting-1-benfica-0-2","status":"publish","type":"post","link":"https:\/\/www.sportingcanal.com\/?p=27863","title":{"rendered":"2019 &#8211; Na final da Ta\u00e7a \u201c\u00e0s costas\u201d de Bruno Fernandes"},"content":{"rendered":"<p>3 de Abril de 2019. 2\u00aa m\u00e3o das meias-finais da Ta\u00e7a de Portugal. No Alvalade o Sporting recebia o Benfica depois de ter estado quase &#8220;morto&#8221; na 1\u00aa m\u00e3o na Luz (esteve a perder por 2-0) e de ter sido resgatado \u00e0 vida num livre-direto fabuloso de Bruno Fernandes.<\/p>\n<p>Em desvantagem por 2-1 &#8220;bastava&#8221; aos le\u00f5es o triunfo por 1-0 para &#8220;carimbar&#8221; o acesso \u00e0 final da Ta\u00e7a. A miss\u00e3o era poss\u00edvel mas muito dif\u00edcil. O Benfica (orientado por Rui Lage) atravessava um excelente momento e n\u00e3o h\u00e1 muito tempo tinha ganho claramente no Alvalade para o Campeonato (4-2)&#8230;<\/p>\n<p>As declara\u00e7\u00f5es que antecederam a partida deram a entender um Sporting confiante. Ao contr\u00e1rio do que diria qualquer treinador daqueles a que estamos habituados, Marcel Kaiser (apesar da desvantagem) afirmou que as hip\u00f3teses eram 50 x 50. Os futebolistas do Sporting pareciam imbu\u00eddos dum esp\u00edrito otimista e positivo.<\/p>\n<p>Apesar de n\u00e3o estar cheio o Est\u00e1dio Alvalade estava em &#8220;ebuli\u00e7\u00e3o&#8221; com um grande ambiente (que, ali\u00e1s, as claques tinham prometido antes do jogo). Marcel Kaiser apresentou a seguinte equipa: Renan; Coates, Mathieu e Borja (Diaby 74); Bruno Gaspar (Tiago Ilori 71), Gudelj, Wendel (Doumbia 88) e Acun\u00e3; Bruno Fernandes; Raphinha e Luiz Phellype.<\/p>\n<p>O Sporting entrou da melhor maneira poss\u00edvel no jogo. Pressionando alto, encostando o Benfica l\u00e1 atr\u00e1s (o que surpreendeu toda a gente). Era dif\u00edcil entrar na zona de concretiza\u00e7\u00e3o, mas os pontap\u00e9s de canto surgiam e os remate de fora (com algum\u00a0 perigo) tamb\u00e9m &#8211; Gudelj, Bruno Gaspar, Wendel&#8230;<\/p>\n<p>Bruno Fernandes, como habitualmente, levava a equipa &#8220;\u00e0s costas&#8221; e contagiava os companheiros. Naturalmente o Benfica foi-se recompondo a pouco a pouco e tentando equilibrar. Aos 30 minutos, tira\u00e7o de Luiz Phellype para defesa instintiva de Svilar. Quase no intervalo Borja foi decisivo ao conseguir um pequeno desvio de cabe\u00e7a evitando que um passe magn\u00edfico de Jo\u00e3o Felix chegasse em condi\u00e7\u00f5es a Seferovic.<\/p>\n<p>Na 2\u00aa parte a toada do jogo manteve-se. O Sporting sempre superior, sempre criando mais jogo ofensivo, rematando mais. Ainda assim, logo no in\u00edcio, o Benfica teve uma grande oportunidade pois Seferovic surgiu isolado (ap\u00f3s grande passe de Pizzi) mas rematou muito torto. Aos 49 minutos, reposta &#8220;\u00e0 letra&#8221; do Sporting, com Bruno Fernandes a enviar um &#8220;m\u00edssil&#8221; \u00e0 trave&#8230; Aos 51 foi Raphinha a surgir em boa posi\u00e7\u00e3o mas a rematar muito mal.<\/p>\n<p>O Sporting pressionava, mas o Benfica voltou a criar perigo aos 70 minutos. Pizzi assistiu Jonas, que em posi\u00e7\u00e3o frontal rematou muito mal, por cima. Aos 73, remate forte de Gudelj e a bola a bater no bra\u00e7o de R\u00faben Dias (n\u00e3o pareceu falta). Aos 73 Bruno Fernandes recebeu a bola sobre a direita, passou por Grimaldo e rematou de forma fant\u00e1stica (de p\u00e9 esquerdo) batendo Svilar! estava feito o 1-0! o Sporting estava \u00e0 frente da eliminat\u00f3ria!<\/p>\n<p>At\u00e9 final Seferovic ainda surgiu em boa posi\u00e7\u00e3o, atirando de cabe\u00e7a ao lado, e o Sporting ainda criou muito perigo (mas definiu mal) em duas sa\u00eddas r\u00e1pidas.<\/p>\n<p>A partida terminou em festa para as nossas cores. Ap\u00f3s uma &#8220;batalha&#8221; tremenda a nossa equipa conseguiu levar a melhor, mais uma vez muito por m\u00e9rito de Bruno Fernandes (estava em todo o lado, fazia de tudo &#8211; e bem, um verdadeiro portento!). Acu\u00f1a tamb\u00e9m esteve em muito bom plano (com &#8220;pilhas&#8221; que nunca se esgotavam). De resto, toda a equipa mostrou uma garra e um querer impressionantes, e quando assim \u00e9 as coisas tornavam-se mais vi\u00e1veis.<\/p>\n<p>Agora viria a final, em 25 de Maio, frente a um (tamb\u00e9m) muito forte FC Porto, a quem o Sporting j\u00e1 derrotara nesta temporada (por penaltis) na final da Ta\u00e7a da Liga!<\/p>\n<p><a href=\"https:\/\/desporto.sapo.pt\/futebol\/taca-de-portugal\/artigos\/video-veja-o-golaco-de-bruno-fernandes-e-os-principais-lances-do-sporting-1-0-benfica#vhs-AC5OnuHDNb4GhZEV3UA9\">v\u00eddeo<\/a><\/p>\n<div class=\"tweetthis\" style=\"text-align:left;\"><p> <a target=\"_blank\" rel=\"nofollow\" class=\"tt\" href=\"http:\/\/twitter.com\/home\/?status=2019+%E2%80%93+Na+final+da+Ta%C3%A7a+%E2%80%9C%C3%A0s+costas%E2%80%9D+de+Bruno+Fernandes+https%3A%2F%2Fis.gd%2Fz0amcJ\" title=\"Post to Twitter\"><img decoding=\"async\" class=\"nothumb\" src=\"http:\/\/www.sportingcanal.com\/wp-content\/plugins\/tweet-this\/icons\/en\/twitter\/tt-twitter6.png\" alt=\"Post to Twitter\" \/><\/a><\/p><\/div>","protected":false},"excerpt":{"rendered":"<p>3 de Abril de 2019. 2\u00aa m\u00e3o das meias-finais da Ta\u00e7a de Portugal. No Alvalade o Sporting recebia o Benfica depois de ter estado quase &#8220;morto&#8221; na 1\u00aa m\u00e3o na Luz (esteve a perder por 2-0) e de ter sido resgatado \u00e0 vida num livre-direto fabuloso de Bruno Fernandes. Em desvantagem por 2-1 &#8220;bastava&#8221; aos [&hellip;]<\/p>\n","protected":false},"author":1,"featured_media":39951,"comment_status":"open","ping_status":"closed","sticky":false,"template":"","format":"standard","meta":{"_et_pb_use_builder":"","_et_pb_old_content":"","_et_gb_content_width":"","footnotes":""},"categories":[4],"tags":[8,12,69],"_links":{"self":[{"href":"https:\/\/www.sportingcanal.com\/index.php?rest_route=\/wp\/v2\/posts\/27863"}],"collection":[{"href":"https:\/\/www.sportingcanal.com\/index.php?rest_route=\/wp\/v2\/posts"}],"about":[{"href":"https:\/\/www.sportingcanal.com\/index.php?rest_route=\/wp\/v2\/types\/post"}],"author":[{"embeddable":true,"href":"https:\/\/www.sportingcanal.com\/index.php?rest_route=\/wp\/v2\/users\/1"}],"replies":[{"embeddable":true,"href":"https:\/\/www.sportingcanal.com\/index.php?rest_route=%2Fwp%2Fv2%2Fcomments&post=27863"}],"version-history":[{"count":15,"href":"https:\/\/www.sportingcanal.com\/index.php?rest_route=\/wp\/v2\/posts\/27863\/revisions"}],"predecessor-version":[{"id":39952,"href":"https:\/\/www.sportingcanal.com\/index.php?rest_route=\/wp\/v2\/posts\/27863\/revisions\/39952"}],"wp:featuredmedia":[{"embeddable":true,"href":"https:\/\/www.sportingcanal.com\/index.php?rest_route=\/wp\/v2\/media\/39951"}],"wp:attachment":[{"href":"https:\/\/www.sportingcanal.com\/index.php?rest_route=%2Fwp%2Fv2%2Fmedia&parent=27863"}],"wp:term":[{"taxonomy":"category","embeddable":true,"href":"https:\/\/www.sportingcanal.com\/index.php?rest_route=%2Fwp%2Fv2%2Fcategories&post=27863"},{"taxonomy":"post_tag","embeddable":true,"href":"https:\/\/www.sportingcanal.com\/index.php?rest_route=%2Fwp%2Fv2%2Ftags&post=27863"}],"curies":[{"name":"wp","href":"https:\/\/api.w.org\/{rel}","templated":true}]}}