{"id":28414,"date":"2025-06-30T09:30:17","date_gmt":"2025-06-30T08:30:17","guid":{"rendered":"http:\/\/www.sportingcanal.com\/?p=28414"},"modified":"2025-06-30T11:26:08","modified_gmt":"2025-06-30T10:26:08","slug":"ciclismo-o-regresso-aos-grandes-titulos","status":"publish","type":"post","link":"https:\/\/www.sportingcanal.com\/?p=28414","title":{"rendered":"2019 &#8211; O regresso aos grandes t\u00edtulos no Ciclismo!"},"content":{"rendered":"<div id=\"_mcePaste\">30 de Junho de 2019. Jos\u00e9 Mendes, atleta do Ciclismo do Sporting CP-Tavira sagrou-se campe\u00e3o nacional de fundo em Ciclismo, t\u00edtulo conquistado em Melga\u00e7o, numa prova com 197km.<\/div>\n<div id=\"_mcePaste\">Numa longa corrida praticamente sem um palmo de terreno plano, disputada a alta velocidade apesar da exig\u00eancia do percurso, sucederam-se as fugas depois dos primeiros 60km de competi\u00e7\u00e3o.<\/div>\n<div id=\"_mcePaste\">Primeiro estiveram adiantados 8 corredores, entre os quil\u00f3metros 60 e 135, e depois, ao quil\u00f3metro 143 atacaram mais 7 ciclistas.<\/div>\n<div id=\"_mcePaste\">O \u00fanico repetente das duas iniciativas foi o corredor que alinhou com o dorsal n\u00famero 1, o campe\u00e3o nacional de 2018, Domingos Gon\u00e7alves (Caja Rural-Seguros RGA).<\/div>\n<div id=\"_mcePaste\">Este grupo de fugitivos nunca teve grande margem sobre o pelot\u00e3o e acabou por cindir-se. Os mais resistentes foram mesmo Domingos Gon\u00e7alves e C\u00e9sar Fonte (W52-FC Porto), alcan\u00e7ados a 22km da chegada.<\/div>\n<div id=\"_mcePaste\">J\u00e1 na fase de aproxima\u00e7\u00e3o \u00e0 meta, Ricardo Mestre tentou surpreender de longe e entrou no \u00faltimo quil\u00f3metro isolado, mas Jos\u00e9 Mendes respondeu nos mil metros finais.<\/div>\n<div id=\"_mcePaste\">Mestre resistiu at\u00e9 \u00e0 \u00faltima curva, a 50 metros da chegada, mas Jos\u00e9 Mendes, num \u00faltimo f\u00f4lego, passou pelo portista e imp\u00f4s-se, com um tempo final de 4h39m33s, a que correspondeu uma m\u00e9dia de 42,282 km\/h.<\/div>\n<div id=\"_mcePaste\">Depois do algarvio da W52\/FC Porto, chegou o colega de equipa Ant\u00f3nio Carvalho, que p\u00f4de lamentar n\u00e3o ter saltado do pelot\u00e3o mais cedo, pois fez uma grande recupera\u00e7\u00e3o nos \u00faltimos 150 metros, quase &#8220;colando&#8221; a Jos\u00e9 Mendes. Frederico Figueiredo, do Sporting\/Tavira, foi 4.\u00ba classificado.<\/div>\n<div id=\"_mcePaste\">Tiago Machado, tamb\u00e9m do Sporting, ficou em 10\u00ba lugar com 4h39m54s.<\/div>\n<div id=\"_mcePaste\">A competir no Minho natal, o vimaranense Jos\u00e9 Mendes saboreou um triunfo de grande emo\u00e7\u00e3o, para o pr\u00f3prio e para os muitos apoiantes que o vitoriaram ap\u00f3s o final da corrida: \u201c\u00c9 sempre uma corrida especial, nunca se sabe o que vai acontecer. Proporcionou-se estar na frente na fase final e, no \u00faltimo quil\u00f3metro, fui buscar for\u00e7as a todos aqueles que estavam a apoiar-me e a gritar por mim. As \u00faltimas pedaladas foram gra\u00e7as a eles. A corrida foi dura, disputada a grande velocidade. Ainda tenho de digerir este resultado\u201d, confessou Jos\u00e9 Mendes, visivelmente emocionado.<\/div>\n<div class=\"tweetthis\" style=\"text-align:left;\"><p> <a target=\"_blank\" rel=\"nofollow\" class=\"tt\" href=\"http:\/\/twitter.com\/home\/?status=2019+%E2%80%93+O+regresso+aos+grandes+t%C3%ADtulos+no+Ciclismo%21+https%3A%2F%2Fis.gd%2Fg5Af67\" title=\"Post to Twitter\"><img decoding=\"async\" class=\"nothumb\" src=\"http:\/\/www.sportingcanal.com\/wp-content\/plugins\/tweet-this\/icons\/en\/twitter\/tt-twitter6.png\" alt=\"Post to Twitter\" \/><\/a><\/p><\/div>","protected":false},"excerpt":{"rendered":"<p>30 de Junho de 2019. Jos\u00e9 Mendes, atleta do Ciclismo do Sporting CP-Tavira sagrou-se campe\u00e3o nacional de fundo em Ciclismo, t\u00edtulo conquistado em Melga\u00e7o, numa prova com 197km. Numa longa corrida praticamente sem um palmo de terreno plano, disputada a alta velocidade apesar da exig\u00eancia do percurso, sucederam-se as fugas depois dos primeiros 60km de [&hellip;]<\/p>\n","protected":false},"author":1,"featured_media":38174,"comment_status":"open","ping_status":"closed","sticky":false,"template":"","format":"standard","meta":{"_et_pb_use_builder":"","_et_pb_old_content":"","_et_gb_content_width":"","footnotes":""},"categories":[4],"tags":[22,29,68],"_links":{"self":[{"href":"https:\/\/www.sportingcanal.com\/index.php?rest_route=\/wp\/v2\/posts\/28414"}],"collection":[{"href":"https:\/\/www.sportingcanal.com\/index.php?rest_route=\/wp\/v2\/posts"}],"about":[{"href":"https:\/\/www.sportingcanal.com\/index.php?rest_route=\/wp\/v2\/types\/post"}],"author":[{"embeddable":true,"href":"https:\/\/www.sportingcanal.com\/index.php?rest_route=\/wp\/v2\/users\/1"}],"replies":[{"embeddable":true,"href":"https:\/\/www.sportingcanal.com\/index.php?rest_route=%2Fwp%2Fv2%2Fcomments&post=28414"}],"version-history":[{"count":7,"href":"https:\/\/www.sportingcanal.com\/index.php?rest_route=\/wp\/v2\/posts\/28414\/revisions"}],"predecessor-version":[{"id":38175,"href":"https:\/\/www.sportingcanal.com\/index.php?rest_route=\/wp\/v2\/posts\/28414\/revisions\/38175"}],"wp:featuredmedia":[{"embeddable":true,"href":"https:\/\/www.sportingcanal.com\/index.php?rest_route=\/wp\/v2\/media\/38174"}],"wp:attachment":[{"href":"https:\/\/www.sportingcanal.com\/index.php?rest_route=%2Fwp%2Fv2%2Fmedia&parent=28414"}],"wp:term":[{"taxonomy":"category","embeddable":true,"href":"https:\/\/www.sportingcanal.com\/index.php?rest_route=%2Fwp%2Fv2%2Fcategories&post=28414"},{"taxonomy":"post_tag","embeddable":true,"href":"https:\/\/www.sportingcanal.com\/index.php?rest_route=%2Fwp%2Fv2%2Ftags&post=28414"}],"curies":[{"name":"wp","href":"https:\/\/api.w.org\/{rel}","templated":true}]}}