{"id":28484,"date":"2025-07-28T15:00:31","date_gmt":"2025-07-28T14:00:31","guid":{"rendered":"http:\/\/www.sportingcanal.com\/?p=28484"},"modified":"2025-07-28T16:45:22","modified_gmt":"2025-07-28T15:45:22","slug":"atletismo-campeas-nacionais-de-pista","status":"publish","type":"post","link":"https:\/\/www.sportingcanal.com\/?p=28484","title":{"rendered":"2019 \u2013 Campe\u00e3s nacionais de Atletismo em pista pela 49\u00aa vez!"},"content":{"rendered":"<p>27 e 28 de Julho de 2019. A equipa feminina de Atletismo do Sporting Clube de Portugal venceu o Campeonato Nacional de Clubes pela 9\u00aa vez consecutiva, erguendo o trof\u00e9u pela 49.\u00aa vez na Hist\u00f3ria e pela 24.\u00aa ocasi\u00e3o nas \u00faltimas 25 edi\u00e7\u00f5es.<\/p>\n<div id=\"_mcePaste\">\n<div id=\"_mcePaste\">J\u00e1 o conjunto masculino repetiu a 2\u00aa posi\u00e7\u00e3o, algo que se vem repetindo h\u00e1 v\u00e1rios anos.<\/div>\n<div id=\"_mcePaste\">Na competi\u00e7\u00e3o feminina, e tal como j\u00e1 havia acontecido no 1\u00ba dia da prova que decorreu no Est\u00e1dio Dr. Magalh\u00e3es Pessoa, em Leiria, o dom\u00ednio foi do Sporting CP em quase todas as disciplinas. Foi sem surpresa que a equipa de Alvalade chegou ao fim com 161 pontos pontos, mais 26 que o 2\u00ba classificado.<\/div>\n<div id=\"_mcePaste\">Nos homens, o Sporting CP somou 151 pontos, ficando a 11 do 1\u00ba lugar.<\/div>\n<div><\/div>\n<div id=\"_mcePaste\">Os nossos resultados no sector feminino:<\/div>\n<div id=\"_mcePaste\">Martelo \u2013 1\u00ba V\u00e2nia Silva \u2013 61m64cm<\/div>\n<div id=\"_mcePaste\">Altura \u2013 1\u00ba Anabela Neto \u2013 1m74cm<\/div>\n<div id=\"_mcePaste\">100 metros \u2013 1\u00ba Lorene Bazolo \u2013 11,54s<\/div>\n<div id=\"_mcePaste\">400 metros \u2013 1\u00ba C\u00e1tia Azevedo \u2013 53,43s<\/div>\n<div id=\"_mcePaste\">1500 metros \u2013 2\u00ba Salom\u00e9 Afonso \u2013 4m21,59s<\/div>\n<div id=\"_mcePaste\">Disco \u2013 1\u00ba Irina Rodrigues \u2013 59m96cm<\/div>\n<div id=\"_mcePaste\">3000 metros marcha &#8211; 1.\u00ba Vit\u00f3ria Oliveira \u2013 13m06,03s<\/div>\n<div id=\"_mcePaste\">Comprimento \u2013 1\u00ba Evelise Veiga \u2013 6m18cm<\/div>\n<div id=\"_mcePaste\">3000 metros obst\u00e1culos &#8211; 3.\u00ba Laura Taborda \u2013 10m40,28s<\/div>\n<div id=\"_mcePaste\">4&#215;100 metros \u2013 1\u00ba Sporting CP \u2013 45,56s<\/div>\n<div id=\"_mcePaste\">5000 metros \u2013 1\u00ba J\u00e9ssica Augusto \u2013 16m22,72s<\/div>\n<div id=\"_mcePaste\">100 metros barreiras &#8211; 1.\u00ba Ol\u00edmpia Barbosa \u2013 13,80s<\/div>\n<div id=\"_mcePaste\">Triplo salto \u2013 1\u00ba Patr\u00edcia Mamona \u2013 14m10cm<\/div>\n<div id=\"_mcePaste\">800 metros &#8211; 1.\u00ba Salom\u00e9 Afonso \u2013 2m11,58s<\/div>\n<div id=\"_mcePaste\">Vara \u2013 1\u00ba Marta Onofre \u2013 4m10cm<\/div>\n<div id=\"_mcePaste\">400 metros barreiras &#8211; 1.\u00ba Vera Barbosa \u2013 57,27s<\/div>\n<div id=\"_mcePaste\">Peso \u2013 1\u00ba Auriol Dongmo \u2013 17m49cm<\/div>\n<div id=\"_mcePaste\">200 metros \u2013 1\u00ba Lorene Bazolo \u2013 23,67s<\/div>\n<div id=\"_mcePaste\">Dardo \u2013 1\u00ba Cl\u00e1udia Ferreira \u2013 50m60cm<\/div>\n<div id=\"_mcePaste\">3000 metros \u2013 5\u00ba Carla Salom\u00e9 Rocha \u2013 9m46,01s<\/div>\n<div id=\"_mcePaste\">4&#215;400 metros \u2013 1\u00ba Sporting CP \u2013 3m40,98s<\/div>\n<div><\/div>\n<div id=\"_mcePaste\">Classifica\u00e7\u00e3o coletiva:<\/div>\n<div id=\"_mcePaste\">1. Sporting, 161;<\/div>\n<div id=\"_mcePaste\">2. Benfica, 135;<\/div>\n<div id=\"_mcePaste\">3. J. Vidigalense, 97;<\/div>\n<div id=\"_mcePaste\">4. SC Braga, 89;<\/div>\n<div id=\"_mcePaste\">5. A Jardim Serra, 85;<\/div>\n<div id=\"_mcePaste\">6. GRECAS, 64;<\/div>\n<div id=\"_mcePaste\">7. GD Estreito, 63;<\/div>\n<div id=\"_mcePaste\">8. UC Eirense, 60.<\/div>\n<div><\/div>\n<div id=\"_mcePaste\">No setor masculino:<\/div>\n<div id=\"_mcePaste\">100 metros \u2013 1\u00ba Carlos Nascimento &#8211; 10,39s<\/div>\n<div id=\"_mcePaste\">Comprimento \u2013 1\u00ba Nelson \u00c9vora \u2013 7m58cm<\/div>\n<div id=\"_mcePaste\">Vara \u2013 2\u00ba Rubem Miranda \u2013 5m20cm<\/div>\n<div id=\"_mcePaste\">400 metros \u2013 2\u00ba Omar Elkhatib &#8211; 48,46s<\/div>\n<div id=\"_mcePaste\">Peso \u2013 2\u00ba Marco Fortes \u2013 18m38cm<\/div>\n<div id=\"_mcePaste\">1500 metros \u2013 2\u00ba Paulo Ros\u00e1rio \u2013 4m09,65s<\/div>\n<div id=\"_mcePaste\">5000 metros marcha \u2013 1\u00ba Jo\u00e3o Vieira \u2013 19m38,60s<\/div>\n<div id=\"_mcePaste\">Dardo \u2013 2\u00ba Tiago Aperta \u2013 71m77cm<\/div>\n<div id=\"_mcePaste\">4&#215;100 metros \u2013 2\u00ba Sporting CP \u2013 40,55s<\/div>\n<div id=\"_mcePaste\">5000 metros \u2013 2\u00ba Eduardo Mbengani \u2013 14m19,12s<\/div>\n<div id=\"_mcePaste\">Martelo \u2013 3\u00ba R\u00faben Antunes \u2013 63m36cm<\/div>\n<div id=\"_mcePaste\">Altura \u2013 2\u00ba Tiago Lu\u00eds Pereira \u2013 2m11cm<\/div>\n<div id=\"_mcePaste\">110 metros barreiras \u2013 2\u00ba Rasul Dab\u00f3 \u2013 14,08s<\/div>\n<div id=\"_mcePaste\">800 metros \u2013 1\u00ba Nuno Pereira \u2013 1m58,45s<\/div>\n<div id=\"_mcePaste\">400 metros barreiras \u2013 2\u00ba Jordin Andrade \u2013 51,24s<\/div>\n<div id=\"_mcePaste\">Disco &#8211; 2.\u00ba Edujose Lima \u2013 53m72cm<\/div>\n<div id=\"_mcePaste\">200 metros \u2013 2\u00ba Carlos Nascimento \u2013 21,57s<\/div>\n<div id=\"_mcePaste\">Triplo Salto \u2013 2\u00ba Nelson \u00c9vora \u2013 15m99cm<\/div>\n<div id=\"_mcePaste\">3000 metros obst\u00e1culos \u2013 1\u00ba Fernando Serr\u00e3o \u2013 9m03,25s<\/div>\n<div id=\"_mcePaste\">3000 metros &#8211; 3.\u00ba Eduardo Mbengani \u2013 8m23,53s<\/div>\n<div id=\"_mcePaste\">4&#215;400 metros \u2013 1\u00ba Sporting CP \u2013 3m10,30s<\/div>\n<\/div>\n<div class=\"tweetthis\" style=\"text-align:left;\"><p> <a target=\"_blank\" rel=\"nofollow\" class=\"tt\" href=\"http:\/\/twitter.com\/home\/?status=2019+%E2%80%93+Campe%C3%A3s+nacionais+de+Atletismo+em+pista+pela+49%C2%AA+vez%21+https%3A%2F%2Fis.gd%2FWZGO4D\" title=\"Post to Twitter\"><img decoding=\"async\" class=\"nothumb\" src=\"http:\/\/www.sportingcanal.com\/wp-content\/plugins\/tweet-this\/icons\/en\/twitter\/tt-twitter6.png\" alt=\"Post to Twitter\" \/><\/a><\/p><\/div>","protected":false},"excerpt":{"rendered":"<p>27 e 28 de Julho de 2019. A equipa feminina de Atletismo do Sporting Clube de Portugal venceu o Campeonato Nacional de Clubes pela 9\u00aa vez consecutiva, erguendo o trof\u00e9u pela 49.\u00aa vez na Hist\u00f3ria e pela 24.\u00aa ocasi\u00e3o nas \u00faltimas 25 edi\u00e7\u00f5es. J\u00e1 o conjunto masculino repetiu a 2\u00aa posi\u00e7\u00e3o, algo que se vem [&hellip;]<\/p>\n","protected":false},"author":1,"featured_media":38362,"comment_status":"open","ping_status":"closed","sticky":false,"template":"","format":"standard","meta":{"_et_pb_use_builder":"","_et_pb_old_content":"","_et_gb_content_width":"","footnotes":""},"categories":[17],"tags":[21,22,69],"_links":{"self":[{"href":"https:\/\/www.sportingcanal.com\/index.php?rest_route=\/wp\/v2\/posts\/28484"}],"collection":[{"href":"https:\/\/www.sportingcanal.com\/index.php?rest_route=\/wp\/v2\/posts"}],"about":[{"href":"https:\/\/www.sportingcanal.com\/index.php?rest_route=\/wp\/v2\/types\/post"}],"author":[{"embeddable":true,"href":"https:\/\/www.sportingcanal.com\/index.php?rest_route=\/wp\/v2\/users\/1"}],"replies":[{"embeddable":true,"href":"https:\/\/www.sportingcanal.com\/index.php?rest_route=%2Fwp%2Fv2%2Fcomments&post=28484"}],"version-history":[{"count":12,"href":"https:\/\/www.sportingcanal.com\/index.php?rest_route=\/wp\/v2\/posts\/28484\/revisions"}],"predecessor-version":[{"id":38363,"href":"https:\/\/www.sportingcanal.com\/index.php?rest_route=\/wp\/v2\/posts\/28484\/revisions\/38363"}],"wp:featuredmedia":[{"embeddable":true,"href":"https:\/\/www.sportingcanal.com\/index.php?rest_route=\/wp\/v2\/media\/38362"}],"wp:attachment":[{"href":"https:\/\/www.sportingcanal.com\/index.php?rest_route=%2Fwp%2Fv2%2Fmedia&parent=28484"}],"wp:term":[{"taxonomy":"category","embeddable":true,"href":"https:\/\/www.sportingcanal.com\/index.php?rest_route=%2Fwp%2Fv2%2Fcategories&post=28484"},{"taxonomy":"post_tag","embeddable":true,"href":"https:\/\/www.sportingcanal.com\/index.php?rest_route=%2Fwp%2Fv2%2Ftags&post=28484"}],"curies":[{"name":"wp","href":"https:\/\/api.w.org\/{rel}","templated":true}]}}