{"id":2865,"date":"2026-02-28T09:30:35","date_gmt":"2026-02-28T08:30:35","guid":{"rendered":"http:\/\/www.sportingcanal.com\/?p=2865"},"modified":"2026-02-28T18:15:21","modified_gmt":"2026-02-28T17:15:21","slug":"rogerio-lateral-direito-polivalente-e-de-bom-nivel","status":"publish","type":"post","link":"https:\/\/www.sportingcanal.com\/?p=2865","title":{"rendered":"Rog\u00e9rio \u2013 Lateral-direito polivalente e de bom n\u00edvel"},"content":{"rendered":"<p>Rog\u00e9rio Fidelis R\u00e9gis nasceu a 28 de Fevereiro de 1976 em Campinas \u2013 Brasil. Come\u00e7ou no Uni\u00e3o S. Jo\u00e3o, de onde passou para o Palmeiras. No \u201cverd\u00e3o\u201d ganhou t\u00edtulos e protagonismo individual a ponto de realizar 4 jogos pela sele\u00e7\u00e3o principal brasileira. 5 anos depois mudou-se para o Corinthians onde voltou a ganhar t\u00edtulos.<\/p>\n<p>No Ver\u00e3o de 2004 foi contratado pelo Sporting. Estreou-se oficialmente a 28 de Agosto na 1\u00aa jornada do Campeonato Nacional frente ao Gil Vicente (3-2). Nos primeiros jogos Jos\u00e9 Peseiro utilizou-o como m\u00e9dio defensivo, mas foi pouco tempo depois, como lateral-direito, que se tornou um dos jogadores mais regulares da equipa.<\/p>\n<p>Marcou o 1\u00ba golo a 4 de Outubro na rece\u00e7\u00e3o \u00e0 Uni\u00e3o de Leiria (2-2).\u00a0Nessa 1\u00aa temporada realizou 44 jogos e marcou 3 golos, estando em foco, sobretudo, na final da Ta\u00e7a UEFA realizada em Alvalade onde marcou o 1\u00ba golo da partida e, j\u00e1 na 2\u00aa parte, atirou incrivelmente ao poste (com tudo para fazer golo) numa altura em que os le\u00f5es j\u00e1 perdiam por 2-1 &#8211; na resposta os russos do CSKA Moscovo estabeleceram o 3-1 final\u2026<\/p>\n<p>Em Janeiro de 2006, num in\u00edcio de temporada muito dif\u00edcil, alegou problemas pessoais e pediu para regressar ao seu pa\u00eds. Marcou pela \u00faltima vez a 4 de Novembro de 2005 num Sporting-Uni\u00e3o Leiria (2-1) para o Campeonato. A sua \u00faltima partida foi realizada a 20 de Dezembro de 2005 frente ao Rio Ave (3-0) despedindo-se nessa altura, de forma comovida (com uma volta ao est\u00e1dio), dos adeptos em Alvalade.<\/p>\n<p>Esteve um total de duas \u00e9pocas no Sporting, com 59 jogos realizados e 5 golos marcados. Apesar de n\u00e3o ter estado muito tempo no clube deixou uma imagem muito boa de jogador polivalente, com boa t\u00e9cnica e grande abnega\u00e7\u00e3o.<\/p>\n<p>Depois ainda passou por v\u00e1rios clubes: Fluminense, Itumbiara, St\u00ba Andr\u00e9 e S\u00e3o Caetano (onde terminou a carreira em 2009).<\/p>\n<div class=\"tweetthis\" style=\"text-align:left;\"><p> <a target=\"_blank\" rel=\"nofollow\" class=\"tt\" href=\"http:\/\/twitter.com\/home\/?status=Rog%C3%A9rio+%E2%80%93+Lateral-direito+polivalente+e+de+bom+n%C3%ADvel+https%3A%2F%2Fis.gd%2FQK7s95\" title=\"Post to Twitter\"><img decoding=\"async\" class=\"nothumb\" src=\"http:\/\/www.sportingcanal.com\/wp-content\/plugins\/tweet-this\/icons\/en\/twitter\/tt-twitter6.png\" alt=\"Post to Twitter\" \/><\/a><\/p><\/div>","protected":false},"excerpt":{"rendered":"<p>Rog\u00e9rio Fidelis R\u00e9gis nasceu a 28 de Fevereiro de 1976 em Campinas \u2013 Brasil. Come\u00e7ou no Uni\u00e3o S. Jo\u00e3o, de onde passou para o Palmeiras. No \u201cverd\u00e3o\u201d ganhou t\u00edtulos e protagonismo individual a ponto de realizar 4 jogos pela sele\u00e7\u00e3o principal brasileira. 5 anos depois mudou-se para o Corinthians onde voltou a ganhar t\u00edtulos. No [&hellip;]<\/p>\n","protected":false},"author":1,"featured_media":2867,"comment_status":"open","ping_status":"open","sticky":false,"template":"","format":"standard","meta":{"_et_pb_use_builder":"","_et_pb_old_content":"","_et_gb_content_width":"","footnotes":""},"categories":[63],"tags":[65,8],"_links":{"self":[{"href":"https:\/\/www.sportingcanal.com\/index.php?rest_route=\/wp\/v2\/posts\/2865"}],"collection":[{"href":"https:\/\/www.sportingcanal.com\/index.php?rest_route=\/wp\/v2\/posts"}],"about":[{"href":"https:\/\/www.sportingcanal.com\/index.php?rest_route=\/wp\/v2\/types\/post"}],"author":[{"embeddable":true,"href":"https:\/\/www.sportingcanal.com\/index.php?rest_route=\/wp\/v2\/users\/1"}],"replies":[{"embeddable":true,"href":"https:\/\/www.sportingcanal.com\/index.php?rest_route=%2Fwp%2Fv2%2Fcomments&post=2865"}],"version-history":[{"count":24,"href":"https:\/\/www.sportingcanal.com\/index.php?rest_route=\/wp\/v2\/posts\/2865\/revisions"}],"predecessor-version":[{"id":39725,"href":"https:\/\/www.sportingcanal.com\/index.php?rest_route=\/wp\/v2\/posts\/2865\/revisions\/39725"}],"wp:featuredmedia":[{"embeddable":true,"href":"https:\/\/www.sportingcanal.com\/index.php?rest_route=\/wp\/v2\/media\/2867"}],"wp:attachment":[{"href":"https:\/\/www.sportingcanal.com\/index.php?rest_route=%2Fwp%2Fv2%2Fmedia&parent=2865"}],"wp:term":[{"taxonomy":"category","embeddable":true,"href":"https:\/\/www.sportingcanal.com\/index.php?rest_route=%2Fwp%2Fv2%2Fcategories&post=2865"},{"taxonomy":"post_tag","embeddable":true,"href":"https:\/\/www.sportingcanal.com\/index.php?rest_route=%2Fwp%2Fv2%2Ftags&post=2865"}],"curies":[{"name":"wp","href":"https:\/\/api.w.org\/{rel}","templated":true}]}}