{"id":28676,"date":"2025-08-30T09:30:41","date_gmt":"2025-08-30T08:30:41","guid":{"rendered":"http:\/\/www.sportingcanal.com\/?p=28676"},"modified":"2025-08-31T11:55:29","modified_gmt":"2025-08-31T10:55:29","slug":"jorge-fonseca-campeao-do-mundo-de-judo","status":"publish","type":"post","link":"https:\/\/www.sportingcanal.com\/?p=28676","title":{"rendered":"2019 &#8211; Jorge Fonseca, campe\u00e3o do Mundo de Judo!"},"content":{"rendered":"<p>30 de Agosto de 2019. O judoca do Sporting, Jorge Fonseca, sagrou-se campe\u00e3o do mundo na categoria de -100kg, ao vencer o russo Niyaz Ilyasov na final da competi\u00e7\u00e3o, disputada em T\u00f3quio.<\/p>\n<p>O atleta, de 26 anos, tornou-se no primeiro portugu\u00eas a conquistar uma medalha de ouro em Mundiais ao derrotar Ilyasov, terceiro classificado nos Mundiais de 2018.<\/p>\n<p>O judoca leonino, que nasceu em S\u00e3o Tom\u00e9 e Pr\u00edncipe, chegou ao combate decisivo ao derrotar azeri Elmar Gasimov, vice-campe\u00e3o ol\u00edmpico no Rio 2016 e europeu em 2014, nas meias-finais, por\u00a0<em>waza-ari<\/em>, depois de ter superado, nos quartos-de-final, o georgiano Varlam Liparteliani, por\u00a0<em>ippon<\/em>, em 3m15s.<\/p>\n<p>Jorge Fonseca n\u00e3o podia imaginar melhor desempenho na competi\u00e7\u00e3o, que al\u00e9m do ouro mundial lhe valeu um lugar em T\u00f3quio 2020. &#8220;Trabalhei bastante para isto e estou muito feliz. Senti-me o melhor judoca do mundo, trabalhei imenso para isto e \u00e9 um momento muito grande na minha vida. [Ouvir o hino] \u00e9 uma situa\u00e7\u00e3o incr\u00edvel, nunca o tinha ouvido em campeonatos do mundo. Espero voltar a ouvir muitas vezes&#8221;, atirou o judoca que assegurou a segunda medalha de Portugal nos Mundiais, depois da prata de B\u00e1rbara Timo em -70 kg.<\/p>\n<p>Come\u00e7ou a praticar Judo numa escola na Damaia seduzido pelos combates de Pedro Soares, agora seu treinador no Sporting: &#8220;O Pedro Soares dava aulas na escola da Damaia. Eu ia olhando pela janela para ver como era, no dia a seguir voltava&#8230; Fui come\u00e7ando a gostar. Ainda n\u00e3o era assim nada de especial, mas pedi autoriza\u00e7\u00e3o \u00e0 minha m\u00e3e e fui experimentar. Eu era um bocado gordinho&#8230; Comecei a investir no trabalho do meu corpo para ser um grande judoca&#8221;.<\/p>\n<p>Demorou pouco a impor-se no tatami e em 2013 deu mostras de poder fazer carreira no Judo. Nesse ano conquistou o t\u00edtulo portugu\u00eas de sub-23 e conseguiu algo de in\u00e9dito para o Judo nacional ao tornar-se o primeiro atleta masculino portugu\u00eas a alcan\u00e7ar o t\u00edtulo de Campe\u00e3o da Europa de sub-23.<\/p>\n<p>A gl\u00f3ria amea\u00e7ava chegar quando a vida lhe trocou as voltas. Aos 17 anos foi pai e as prioridades mudaram. Pouco depois da felicidade de ser pai, em 2015, descobriu que tinha um tumor na perna. Apesar disso o Judo nunca deixou de fazer parte do seu dia-a-dia. Superou a doen\u00e7a com a ajuda do filho. &#8220;Foi complicado, porque quando fazia os tratamentos estava sempre maldisposto, de cara trancada, e tinha ali ao meu lado o meu filho que me fazia rir. Cheguei a ir treinar doente. Na altura dos tratamentos ficava arrasado, mas quando estava com ele ganhava for\u00e7a&#8221;.Jorge Fonseca treina 3 horas de manh\u00e3, outras 3 \u00e0 tarde e folga apenas ao domingo.<\/p>\n<p>Com o tempo consumido pela fam\u00edlia, a sa\u00fade e o Judo, os estudos foram ficando para tr\u00e1s. Agora, garante que ainda quer acabar o 12.\u00ba ano para poder ir para a pol\u00edcia. At\u00e9 l\u00e1 brilha no Judo. E \u00e9 no Jap\u00e3o, pa\u00eds onde j\u00e1 foi detido por duas vezes &#8211; uma delas por passar a rua fora da passadeira, a outra por correr na rua sem T-shirt -, que ele espera repetir o triunfo daqui a um ano. Jorge Fonseca sonha ganhar os Jogos Ol\u00edmpicos de T\u00f3quio 2020: &#8220;Tenho de acreditar que vou conseguir.&#8221;<\/p>\n<p>At\u00e9 aqui, dizia que tinha o campeonato do Mundo &#8220;entalado na garganta&#8221; depois de um 7\u00ba lugar conquistado nos anteriores mundiais. Agora, no Jap\u00e3o, Jorge Fonseca \u201cvingou-se\u201d e conquistou o t\u00edtulo.<\/p>\n<p>Acabou o combate a dan\u00e7ar e \u00e9 em festa que quer ser recebido o gigante de 1,74 metros e 100 kg. &#8220;Quero ser recebido em festa, todo o mundo a dan\u00e7ar e a viver. \u00c9 isso que eu quero&#8221;, afirmou o primeiro judoca portugu\u00eas a conquistar uma medalha de ouro em Mundiais, justificando a sua celebra\u00e7\u00e3o.<\/p>\n<p><a href=\"https:\/\/www.abola.pt\/Nnh\/Noticias\/Ver\/803561\">a dan\u00e7a da vit\u00f3ria<\/a><\/p>\n<div class=\"tweetthis\" style=\"text-align:left;\"><p> <a target=\"_blank\" rel=\"nofollow\" class=\"tt\" href=\"http:\/\/twitter.com\/home\/?status=2019+%E2%80%93+Jorge+Fonseca%2C+campe%C3%A3o+do+Mundo+de+Judo%21+https%3A%2F%2Fis.gd%2FKjh8jy\" title=\"Post to Twitter\"><img decoding=\"async\" class=\"nothumb\" src=\"http:\/\/www.sportingcanal.com\/wp-content\/plugins\/tweet-this\/icons\/en\/twitter\/tt-twitter6.png\" alt=\"Post to Twitter\" \/><\/a><\/p><\/div>","protected":false},"excerpt":{"rendered":"<p>30 de Agosto de 2019. O judoca do Sporting, Jorge Fonseca, sagrou-se campe\u00e3o do mundo na categoria de -100kg, ao vencer o russo Niyaz Ilyasov na final da competi\u00e7\u00e3o, disputada em T\u00f3quio. O atleta, de 26 anos, tornou-se no primeiro portugu\u00eas a conquistar uma medalha de ouro em Mundiais ao derrotar Ilyasov, terceiro classificado nos [&hellip;]<\/p>\n","protected":false},"author":1,"featured_media":38629,"comment_status":"open","ping_status":"closed","sticky":false,"template":"","format":"standard","meta":{"_et_pb_use_builder":"","_et_pb_old_content":"","_et_gb_content_width":"","footnotes":""},"categories":[4],"tags":[39,81],"_links":{"self":[{"href":"https:\/\/www.sportingcanal.com\/index.php?rest_route=\/wp\/v2\/posts\/28676"}],"collection":[{"href":"https:\/\/www.sportingcanal.com\/index.php?rest_route=\/wp\/v2\/posts"}],"about":[{"href":"https:\/\/www.sportingcanal.com\/index.php?rest_route=\/wp\/v2\/types\/post"}],"author":[{"embeddable":true,"href":"https:\/\/www.sportingcanal.com\/index.php?rest_route=\/wp\/v2\/users\/1"}],"replies":[{"embeddable":true,"href":"https:\/\/www.sportingcanal.com\/index.php?rest_route=%2Fwp%2Fv2%2Fcomments&post=28676"}],"version-history":[{"count":8,"href":"https:\/\/www.sportingcanal.com\/index.php?rest_route=\/wp\/v2\/posts\/28676\/revisions"}],"predecessor-version":[{"id":38630,"href":"https:\/\/www.sportingcanal.com\/index.php?rest_route=\/wp\/v2\/posts\/28676\/revisions\/38630"}],"wp:featuredmedia":[{"embeddable":true,"href":"https:\/\/www.sportingcanal.com\/index.php?rest_route=\/wp\/v2\/media\/38629"}],"wp:attachment":[{"href":"https:\/\/www.sportingcanal.com\/index.php?rest_route=%2Fwp%2Fv2%2Fmedia&parent=28676"}],"wp:term":[{"taxonomy":"category","embeddable":true,"href":"https:\/\/www.sportingcanal.com\/index.php?rest_route=%2Fwp%2Fv2%2Fcategories&post=28676"},{"taxonomy":"post_tag","embeddable":true,"href":"https:\/\/www.sportingcanal.com\/index.php?rest_route=%2Fwp%2Fv2%2Ftags&post=28676"}],"curies":[{"name":"wp","href":"https:\/\/api.w.org\/{rel}","templated":true}]}}