{"id":28687,"date":"2019-08-31T23:59:21","date_gmt":"2019-08-31T22:59:21","guid":{"rendered":"http:\/\/www.sportingcanal.com\/?p=28687"},"modified":"2019-09-01T19:03:58","modified_gmt":"2019-09-01T18:03:58","slug":"futebolista-do-mes-de-agosto-de-2019","status":"publish","type":"post","link":"https:\/\/www.sportingcanal.com\/?p=28687","title":{"rendered":"Futebolista do m\u00eas de Agosto de 2019 &#8211; Bruno Fernandes"},"content":{"rendered":"<p><img loading=\"lazy\" decoding=\"async\" class=\"alignleft size-full wp-image-28688\" title=\"futebol - 2019-20 Bruno Fernandes\" src=\"http:\/\/www.sportingcanal.com\/wp-content\/uploads\/2019\/09\/futebol-2019-20-Bruno-Fernandes.png\" alt=\"\" width=\"300\" height=\"300\" srcset=\"https:\/\/www.sportingcanal.com\/wp-content\/uploads\/2019\/09\/futebol-2019-20-Bruno-Fernandes.png 300w, https:\/\/www.sportingcanal.com\/wp-content\/uploads\/2019\/09\/futebol-2019-20-Bruno-Fernandes-150x150.png 150w\" sizes=\"(max-width: 300px) 100vw, 300px\" \/>A equipa principal do Sporting realizou 5 partidas oficiais no m\u00eas de Agosto, o primeiro de competi\u00e7\u00e3o oficial.<\/p>\n<p>De acordo com as vota\u00e7\u00f5es de desempenho jogo a jogo atribu\u00eddas pelo site Sporting Canal, Bruno Fernandes foi o melhor classificado do m\u00eas ao somar 37 pontos, seguido de Renan com 33, Acu\u00f1a e Wendel com 31.<\/p>\n<p>Em rela\u00e7\u00e3o ao melhor sportinguista em campo, Renan foi-o por 2 vezes neste m\u00eas &#8211; no \u201cdesastre\u201d da Superta\u00e7a e na rece\u00e7\u00e3o ao Braga. Bruno Fernandes foi o melhor no Funchal e no Alvalade com o Rio Ave, enquanto Raphinha se destacou em Portim\u00e3o.<\/p>\n<p>Raphinha, Bruno Fernandes e Luiz Phellype, todos com 2 golos, foram os goleadores do m\u00eas.<\/p>\n<table border=\"1\" cellspacing=\"0\" cellpadding=\"0\" width=\"432\">\n<tbody>\n<tr>\n<td colspan=\"4\" width=\"432\" valign=\"top\"><strong>AGOSTO DE 2019<\/strong><\/td>\n<\/tr>\n<tr>\n<td width=\"36\" valign=\"top\"><\/td>\n<td width=\"274\" valign=\"top\">FUTEBOLISTA<\/td>\n<td width=\"57\" valign=\"top\">Jogos<\/td>\n<td width=\"66\" valign=\"top\">PONTOS<\/td>\n<\/tr>\n<tr>\n<td width=\"36\" valign=\"top\">1<\/td>\n<td width=\"274\" valign=\"top\">Bruno Fernandes<\/td>\n<td width=\"57\" valign=\"top\">5<\/td>\n<td width=\"66\" valign=\"top\">37<\/td>\n<\/tr>\n<tr>\n<td width=\"36\" valign=\"top\">2<\/td>\n<td width=\"274\" valign=\"top\">Renan<\/td>\n<td width=\"57\" valign=\"top\">5<\/td>\n<td width=\"66\" valign=\"top\">33<\/td>\n<\/tr>\n<tr>\n<td width=\"36\" valign=\"top\">3<\/td>\n<td width=\"274\" valign=\"top\">Acu\u00f1a<\/td>\n<td width=\"57\" valign=\"top\">5<\/td>\n<td width=\"66\" valign=\"top\">31<\/td>\n<\/tr>\n<tr>\n<td width=\"36\" valign=\"top\"><\/td>\n<td width=\"274\" valign=\"top\">Wendel<\/td>\n<td width=\"57\" valign=\"top\">5<\/td>\n<td width=\"66\" valign=\"top\">31<\/td>\n<\/tr>\n<tr>\n<td width=\"36\" valign=\"top\">5<\/td>\n<td width=\"274\" valign=\"top\">Raphinha<\/td>\n<td width=\"57\" valign=\"top\">5<\/td>\n<td width=\"66\" valign=\"top\">30<\/td>\n<\/tr>\n<tr>\n<td width=\"36\" valign=\"top\">6<\/td>\n<td width=\"274\" valign=\"top\">Luiz Phyllipe<\/td>\n<td width=\"57\" valign=\"top\">5<\/td>\n<td width=\"66\" valign=\"top\">29<\/td>\n<\/tr>\n<tr>\n<td width=\"36\" valign=\"top\">7<\/td>\n<td width=\"274\" valign=\"top\">Thierry<\/td>\n<td width=\"57\" valign=\"top\">5<\/td>\n<td width=\"66\" valign=\"top\">27<\/td>\n<\/tr>\n<tr>\n<td width=\"36\" valign=\"top\">8<\/td>\n<td width=\"274\" valign=\"top\">Coates<\/td>\n<td width=\"57\" valign=\"top\">5<\/td>\n<td width=\"66\" valign=\"top\">26<\/td>\n<\/tr>\n<tr>\n<td width=\"36\" valign=\"top\"><\/td>\n<td width=\"274\" valign=\"top\">Mathieu<\/td>\n<td width=\"57\" valign=\"top\">5<\/td>\n<td width=\"66\" valign=\"top\">26<\/td>\n<\/tr>\n<tr>\n<td width=\"36\" valign=\"top\">10<\/td>\n<td width=\"274\" valign=\"top\">Doumbia<\/td>\n<td width=\"57\" valign=\"top\">4<\/td>\n<td width=\"66\" valign=\"top\">22<\/td>\n<\/tr>\n<\/tbody>\n<\/table>\n<div class=\"tweetthis\" style=\"text-align:left;\"><p> <a target=\"_blank\" rel=\"nofollow\" class=\"tt\" href=\"http:\/\/twitter.com\/home\/?status=Futebolista+do+m%C3%AAs+de+Agosto+de+2019+%E2%80%93+Bruno+Fernandes+https%3A%2F%2Fis.gd%2FwKITkD\" title=\"Post to Twitter\"><img decoding=\"async\" class=\"nothumb\" src=\"http:\/\/www.sportingcanal.com\/wp-content\/plugins\/tweet-this\/icons\/en\/twitter\/tt-twitter6.png\" alt=\"Post to Twitter\" \/><\/a><\/p><\/div>","protected":false},"excerpt":{"rendered":"<p>A equipa principal do Sporting realizou 5 partidas oficiais no m\u00eas de Agosto, o primeiro de competi\u00e7\u00e3o oficial. De acordo com as vota\u00e7\u00f5es de desempenho jogo a jogo atribu\u00eddas pelo site Sporting Canal, Bruno Fernandes foi o melhor classificado do m\u00eas ao somar 37 pontos, seguido de Renan com 33, Acu\u00f1a e Wendel com 31. [&hellip;]<\/p>\n","protected":false},"author":1,"featured_media":0,"comment_status":"open","ping_status":"closed","sticky":false,"template":"","format":"standard","meta":{"_et_pb_use_builder":"","_et_pb_old_content":"","_et_gb_content_width":"","footnotes":""},"categories":[6],"tags":[8,91],"_links":{"self":[{"href":"https:\/\/www.sportingcanal.com\/index.php?rest_route=\/wp\/v2\/posts\/28687"}],"collection":[{"href":"https:\/\/www.sportingcanal.com\/index.php?rest_route=\/wp\/v2\/posts"}],"about":[{"href":"https:\/\/www.sportingcanal.com\/index.php?rest_route=\/wp\/v2\/types\/post"}],"author":[{"embeddable":true,"href":"https:\/\/www.sportingcanal.com\/index.php?rest_route=\/wp\/v2\/users\/1"}],"replies":[{"embeddable":true,"href":"https:\/\/www.sportingcanal.com\/index.php?rest_route=%2Fwp%2Fv2%2Fcomments&post=28687"}],"version-history":[{"count":3,"href":"https:\/\/www.sportingcanal.com\/index.php?rest_route=\/wp\/v2\/posts\/28687\/revisions"}],"predecessor-version":[{"id":28691,"href":"https:\/\/www.sportingcanal.com\/index.php?rest_route=\/wp\/v2\/posts\/28687\/revisions\/28691"}],"wp:attachment":[{"href":"https:\/\/www.sportingcanal.com\/index.php?rest_route=%2Fwp%2Fv2%2Fmedia&parent=28687"}],"wp:term":[{"taxonomy":"category","embeddable":true,"href":"https:\/\/www.sportingcanal.com\/index.php?rest_route=%2Fwp%2Fv2%2Fcategories&post=28687"},{"taxonomy":"post_tag","embeddable":true,"href":"https:\/\/www.sportingcanal.com\/index.php?rest_route=%2Fwp%2Fv2%2Ftags&post=28687"}],"curies":[{"name":"wp","href":"https:\/\/api.w.org\/{rel}","templated":true}]}}