{"id":28899,"date":"2025-10-07T11:00:13","date_gmt":"2025-10-07T10:00:13","guid":{"rendered":"http:\/\/www.sportingcanal.com\/?p=28899"},"modified":"2025-10-07T13:47:21","modified_gmt":"2025-10-07T12:47:21","slug":"e-nosso-o-mais-velho-medalhado-de-sempre-em-mundiais-de-atletismo","status":"publish","type":"post","link":"https:\/\/www.sportingcanal.com\/?p=28899","title":{"rendered":"2019 &#8211; \u00c9 nosso o mais velho medalhado de sempre em Mundiais de Atletismo!"},"content":{"rendered":"<p>29 de Setembro de 2019. O segundo dia dos Mundiais de Atletismo de Doha, no Catar, foi feliz para Portugal, com Jo\u00e3o Vieira a arrecadar a primeira medalha da comitiva verde e branca presente no M\u00e9dio Oriente.<\/p>\n<p>O marchista e capit\u00e3o leonino atingiu o 2.\u00ba lugar nos 50 km de marcha e venceu a medalha de prata, terminando a prova em 4h04m59s, 39 segundos depois do japon\u00eas Yusuke Suzuki, novo campe\u00e3o do mundo. O canadiano Evan Dunfee completou o p\u00f3dio, numa prova em que se registou o abandono do franc\u00eas Yohann Diniz, que defendia o t\u00edtulo.<\/p>\n<p>Devido ao calor intenso que se faz sentir no Catar, a prova teve in\u00edcio pelas 23h30, com o intuito de proporcionar melhores condi\u00e7\u00f5es atmosf\u00e9ricas aos atletas. Ainda assim, Jo\u00e3o Vieira conseguiu arrecadar a primeira medalha nestes Mundiais para o clube verde e branco e, aos 43 anos e no seu 11.\u00ba Mundial, tornou-se mesmo no mais velho medalhado de sempre na competi\u00e7\u00e3o!<\/p>\n<p>\u201cFoi a prova mais dif\u00edcil da minha carreira, devido \u00e0s condi\u00e7\u00f5es climat\u00e9ricas e o hor\u00e1rio tardio da competi\u00e7\u00e3o. \u00c9 sempre bom regressar a casa, sobretudo com uma medalha ao peito. O trabalho foi bem feito e esta medalha \u00e9 gratificante\u201d, afirmou Jo\u00e3o Vieira, no regresso, no Aeroporto de Lisboa . \u201cA partir do 38.\u00ba quil\u00f3metro, quando comecei a apanhar advers\u00e1rios que estavam a ficar mais lentos, senti que podia chegar \u00e0s medalhas. A partir da\u00ed, foi um galgar de lugares. Tinha o controlo da competi\u00e7\u00e3o, segui ao risco as diretrizes preparadas com a minha treinadora\u201d, explicou.<\/p>\n<p>\u00danico portugu\u00eas medalhado nestes Mundiais, o atleta, de 43 anos, quer come\u00e7ar j\u00e1 a preparar os Jogos Ol\u00edmpicos de 2020, em T\u00f3quio, depois de algum descanso, e explicou que a humildade \u00e9 um dos segredos para a longevidade na carreira desportiva. \u201cO segredo da longevidade \u00e9 ser um atleta profissional e correto naquilo que fa\u00e7o. A humildade tem-me ajudado nestes anos todos e n\u00e3o ter fraquejado a condi\u00e7\u00e3o f\u00edsica d\u00e1-me alento para continuar a fazer bons resultados\u201d, disse.<\/p>\n<div class=\"tweetthis\" style=\"text-align:left;\"><p> <a target=\"_blank\" rel=\"nofollow\" class=\"tt\" href=\"http:\/\/twitter.com\/home\/?status=2019+%E2%80%93+%C3%89+nosso+o+mais+velho+medalhado+de+sempre+em+Mundiais+de+Atletismo%21+https%3A%2F%2Fis.gd%2FN2j9bL\" title=\"Post to Twitter\"><img decoding=\"async\" class=\"nothumb\" src=\"http:\/\/www.sportingcanal.com\/wp-content\/plugins\/tweet-this\/icons\/en\/twitter\/tt-twitter6.png\" alt=\"Post to Twitter\" \/><\/a><\/p><\/div>","protected":false},"excerpt":{"rendered":"<p>29 de Setembro de 2019. O segundo dia dos Mundiais de Atletismo de Doha, no Catar, foi feliz para Portugal, com Jo\u00e3o Vieira a arrecadar a primeira medalha da comitiva verde e branca presente no M\u00e9dio Oriente. O marchista e capit\u00e3o leonino atingiu o 2.\u00ba lugar nos 50 km de marcha e venceu a medalha [&hellip;]<\/p>\n","protected":false},"author":1,"featured_media":39034,"comment_status":"open","ping_status":"closed","sticky":false,"template":"","format":"standard","meta":{"_et_pb_use_builder":"","_et_pb_old_content":"","_et_gb_content_width":"","footnotes":""},"categories":[4],"tags":[21,39],"_links":{"self":[{"href":"https:\/\/www.sportingcanal.com\/index.php?rest_route=\/wp\/v2\/posts\/28899"}],"collection":[{"href":"https:\/\/www.sportingcanal.com\/index.php?rest_route=\/wp\/v2\/posts"}],"about":[{"href":"https:\/\/www.sportingcanal.com\/index.php?rest_route=\/wp\/v2\/types\/post"}],"author":[{"embeddable":true,"href":"https:\/\/www.sportingcanal.com\/index.php?rest_route=\/wp\/v2\/users\/1"}],"replies":[{"embeddable":true,"href":"https:\/\/www.sportingcanal.com\/index.php?rest_route=%2Fwp%2Fv2%2Fcomments&post=28899"}],"version-history":[{"count":8,"href":"https:\/\/www.sportingcanal.com\/index.php?rest_route=\/wp\/v2\/posts\/28899\/revisions"}],"predecessor-version":[{"id":39035,"href":"https:\/\/www.sportingcanal.com\/index.php?rest_route=\/wp\/v2\/posts\/28899\/revisions\/39035"}],"wp:featuredmedia":[{"embeddable":true,"href":"https:\/\/www.sportingcanal.com\/index.php?rest_route=\/wp\/v2\/media\/39034"}],"wp:attachment":[{"href":"https:\/\/www.sportingcanal.com\/index.php?rest_route=%2Fwp%2Fv2%2Fmedia&parent=28899"}],"wp:term":[{"taxonomy":"category","embeddable":true,"href":"https:\/\/www.sportingcanal.com\/index.php?rest_route=%2Fwp%2Fv2%2Fcategories&post=28899"},{"taxonomy":"post_tag","embeddable":true,"href":"https:\/\/www.sportingcanal.com\/index.php?rest_route=%2Fwp%2Fv2%2Ftags&post=28899"}],"curies":[{"name":"wp","href":"https:\/\/api.w.org\/{rel}","templated":true}]}}