{"id":2974,"date":"2026-03-04T08:30:11","date_gmt":"2026-03-04T07:30:11","guid":{"rendered":"http:\/\/www.sportingcanal.com\/?p=2974"},"modified":"2026-03-04T15:17:37","modified_gmt":"2026-03-04T14:17:37","slug":"ademar-um-bom-produto-das-escolas-leoninas","status":"publish","type":"post","link":"https:\/\/www.sportingcanal.com\/?p=2974","title":{"rendered":"Ademar \u2013 Um bom \u201cproduto\u201d das escolas leoninas"},"content":{"rendered":"<p>Ademar Moreira Marques nasceu a 4 de Mar\u00e7o de 1959 em Lisboa. Surgiu para o futebol no Sporting onde passou por todos os escal\u00f5es de forma\u00e7\u00e3o e em todos eles chegou \u00e0 internacionaliza\u00e7\u00e3o.<\/p>\n<p>Estreou-se oficialmente (sob a \u201cbatuta\u201d de Rodrigues Dias) pelos seniores a 5 de Mar\u00e7o de 1978 (19 anos acabados de fazer) numa rece\u00e7\u00e3o ao Benfica para a Ta\u00e7a de Portugal (3-1). Nessa 1\u00aa temporada ainda realizou 13 jogos contribuindo para o triunfo na Ta\u00e7a de Portugal e tornando-se uma grande promessa do futebol sportinguista.<\/p>\n<p>Na temporada seguinte, com o t\u00e9cnico Milorad Pavic, foi aposta continuada (31 jogos) no lado direito do meio campo, apesar da sua juventude. Marcou pela 1\u00aa vez a 3 de Junho de 1979 na Madeira, frente ao Mar\u00edtimo (triunfo por 3-2). Em 1979\/80 foi campe\u00e3o numa equipa onde era pe\u00e7a fundamental da linha m\u00e9dia, constituindo com Fraguito e Marinho um grupo de jogadores nucleares (de trabalho) que abriam \u201cespa\u00e7o\u201d para o g\u00e9nio dos atacantes (Manuel Fernandes, Manoel e Jord\u00e3o).<\/p>\n<p>Depois de uma temporada de 1980\/81 onde voltou a ser dos mais utilizados da equipa (marcando 4 golos), \u201crepetiu a dose\u201d em 1982, com Allison \u00a0&#8211; desta vez com a companhia de Virg\u00edlio e Nogueira no meio campo, numa equipa que fez a \u201cdobradinha\u201d.\u00a0Com a chegada de Festas e Kostov no Ver\u00e3o de 1982, Ademar perdeu espa\u00e7o na equipa. Ainda assim realizou 23 jogos, tendo marcado o \u00faltimo golo (que valeu o triunfo sobre o Vit\u00f3ria de Set\u00fabal), a 16 de Abril. O seu \u00faltimo jogo de \u201cle\u00e3o ao peito\u201d foi um Sporting-Vit\u00f3ria de Guimar\u00e3es (1-0) a 5 de Junho de 1983.<\/p>\n<p>Esteve um total de 6 \u00e9pocas na equipa principal do Sporting, pela qual realizou 165 jogos e marcou 10 golos. Ganhou 2 Campeonatos Nacionais, duas Ta\u00e7as de Portugal e uma Superta\u00e7a. Deixou a imagem de um centrocampista de bom n\u00edvel, com t\u00e9cnica, garra e polival\u00eancia (n\u00e3o foi raro jogar tamb\u00e9m noutras posi\u00e7\u00f5es, sobretudo a defesa-direito)<\/p>\n<p>De Alvalade saiu para o Mar\u00edtimo onde permaneceu apenas uma \u00e9poca, o mesmo acontecendo posteriormente no FC Porto, Belenenses e Vit\u00f3ria de Set\u00fabal (onde reencontrou Allison). Em 1987\/88 \u201cassentou arraiais\u201d no Sporting Farense onde foi um jogador marcante na Hist\u00f3ria do clube, no qual se manteve 6 temporadas \u2013 at\u00e9 ao final da carreira.<\/p>\n<p>Foi duas vezes internacional A, e, abandonado o futebol, dedicou-se \u00e0 cria\u00e7\u00e3o de cavalos em Faro.<\/p>\n<div class=\"tweetthis\" style=\"text-align:left;\"><p> <a target=\"_blank\" rel=\"nofollow\" class=\"tt\" href=\"http:\/\/twitter.com\/home\/?status=Ademar+%E2%80%93+Um+bom+%E2%80%9Cproduto%E2%80%9D+das+escolas+leoninas+https%3A%2F%2Fis.gd%2FXQJ52E\" title=\"Post to Twitter\"><img decoding=\"async\" class=\"nothumb\" src=\"http:\/\/www.sportingcanal.com\/wp-content\/plugins\/tweet-this\/icons\/en\/twitter\/tt-twitter6.png\" alt=\"Post to Twitter\" \/><\/a><\/p><\/div>","protected":false},"excerpt":{"rendered":"<p>Ademar Moreira Marques nasceu a 4 de Mar\u00e7o de 1959 em Lisboa. Surgiu para o futebol no Sporting onde passou por todos os escal\u00f5es de forma\u00e7\u00e3o e em todos eles chegou \u00e0 internacionaliza\u00e7\u00e3o. Estreou-se oficialmente (sob a \u201cbatuta\u201d de Rodrigues Dias) pelos seniores a 5 de Mar\u00e7o de 1978 (19 anos acabados de fazer) numa [&hellip;]<\/p>\n","protected":false},"author":1,"featured_media":2975,"comment_status":"open","ping_status":"open","sticky":false,"template":"","format":"standard","meta":{"_et_pb_use_builder":"","_et_pb_old_content":"","_et_gb_content_width":"","footnotes":""},"categories":[63],"tags":[231,8,64],"_links":{"self":[{"href":"https:\/\/www.sportingcanal.com\/index.php?rest_route=\/wp\/v2\/posts\/2974"}],"collection":[{"href":"https:\/\/www.sportingcanal.com\/index.php?rest_route=\/wp\/v2\/posts"}],"about":[{"href":"https:\/\/www.sportingcanal.com\/index.php?rest_route=\/wp\/v2\/types\/post"}],"author":[{"embeddable":true,"href":"https:\/\/www.sportingcanal.com\/index.php?rest_route=\/wp\/v2\/users\/1"}],"replies":[{"embeddable":true,"href":"https:\/\/www.sportingcanal.com\/index.php?rest_route=%2Fwp%2Fv2%2Fcomments&post=2974"}],"version-history":[{"count":24,"href":"https:\/\/www.sportingcanal.com\/index.php?rest_route=\/wp\/v2\/posts\/2974\/revisions"}],"predecessor-version":[{"id":39756,"href":"https:\/\/www.sportingcanal.com\/index.php?rest_route=\/wp\/v2\/posts\/2974\/revisions\/39756"}],"wp:featuredmedia":[{"embeddable":true,"href":"https:\/\/www.sportingcanal.com\/index.php?rest_route=\/wp\/v2\/media\/2975"}],"wp:attachment":[{"href":"https:\/\/www.sportingcanal.com\/index.php?rest_route=%2Fwp%2Fv2%2Fmedia&parent=2974"}],"wp:term":[{"taxonomy":"category","embeddable":true,"href":"https:\/\/www.sportingcanal.com\/index.php?rest_route=%2Fwp%2Fv2%2Fcategories&post=2974"},{"taxonomy":"post_tag","embeddable":true,"href":"https:\/\/www.sportingcanal.com\/index.php?rest_route=%2Fwp%2Fv2%2Ftags&post=2974"}],"curies":[{"name":"wp","href":"https:\/\/api.w.org\/{rel}","templated":true}]}}