{"id":30312,"date":"2020-03-31T23:00:50","date_gmt":"2020-03-31T22:00:50","guid":{"rendered":"http:\/\/www.sportingcanal.com\/?p=30312"},"modified":"2020-07-25T02:13:31","modified_gmt":"2020-07-25T01:13:31","slug":"futebolista-do-mes-de-marco-de-2020-acuna","status":"publish","type":"post","link":"https:\/\/www.sportingcanal.com\/?p=30312","title":{"rendered":"Futebolista do m\u00eas de Mar\u00e7o de 2020 &#8211; Acu\u00f1a"},"content":{"rendered":"<p><img loading=\"lazy\" decoding=\"async\" class=\"alignleft size-full wp-image-30313\" title=\"futebol - 2019-20 Acu\u00f1a\" src=\"http:\/\/www.sportingcanal.com\/wp-content\/uploads\/2020\/07\/futebol-2019-20-Acu\u00f1a.png\" alt=\"\" width=\"300\" height=\"300\" srcset=\"https:\/\/www.sportingcanal.com\/wp-content\/uploads\/2020\/07\/futebol-2019-20-Acu\u00f1a.png 300w, https:\/\/www.sportingcanal.com\/wp-content\/uploads\/2020\/07\/futebol-2019-20-Acu\u00f1a-150x150.png 150w\" sizes=\"(max-width: 300px) 100vw, 300px\" \/>A equipa principal do Sporting realizou apenas 2 partidas oficiais no m\u00eas de Mar\u00e7o, tendo depois as competi\u00e7\u00f5es sido interrompidas devido \u00e0 pandemia da COVID 19.<\/p>\n<p>De acordo com as vota\u00e7\u00f5es de desempenho jogo a jogo atribu\u00eddas pelo site Sporting Canal, Acu\u00f1a foi o melhor classificado do m\u00eas ao somar 13 pontos, seguido de Coates com 12, Jovane e Vietto com 11.<\/p>\n<p>No que diz respeito \u00e0 tabela para melhor futebolista da temporada, Bruno Fernandes ainda lidera com 196 pontos, seguido Vietto com 179 e Acu\u00f1a com 178.<\/p>\n<p>Em rela\u00e7\u00e3o ao melhor sportinguista em campo, Coates foi-o em Famalic\u00e3o e Wendel na rece\u00e7\u00e3o ao Aves.<\/p>\n<p>Os melhores marcadores do m\u00eas foram Coates, Sporar e Vietto, todos com 1 golo.<\/p>\n<div class=\"tweetthis\" style=\"text-align:left;\"><p> <a target=\"_blank\" rel=\"nofollow\" class=\"tt\" href=\"http:\/\/twitter.com\/home\/?status=Futebolista+do+m%C3%AAs+de+Mar%C3%A7o+de+2020+%E2%80%93+Acu%C3%B1a+https%3A%2F%2Fis.gd%2FdwRMnH\" title=\"Post to Twitter\"><img decoding=\"async\" class=\"nothumb\" src=\"http:\/\/www.sportingcanal.com\/wp-content\/plugins\/tweet-this\/icons\/en\/twitter\/tt-twitter6.png\" alt=\"Post to Twitter\" \/><\/a><\/p><\/div>","protected":false},"excerpt":{"rendered":"<p>A equipa principal do Sporting realizou apenas 2 partidas oficiais no m\u00eas de Mar\u00e7o, tendo depois as competi\u00e7\u00f5es sido interrompidas devido \u00e0 pandemia da COVID 19. De acordo com as vota\u00e7\u00f5es de desempenho jogo a jogo atribu\u00eddas pelo site Sporting Canal, Acu\u00f1a foi o melhor classificado do m\u00eas ao somar 13 pontos, seguido de Coates [&hellip;]<\/p>\n","protected":false},"author":1,"featured_media":0,"comment_status":"open","ping_status":"closed","sticky":false,"template":"","format":"standard","meta":{"_et_pb_use_builder":"","_et_pb_old_content":"","_et_gb_content_width":"","footnotes":""},"categories":[6],"tags":[8,91],"_links":{"self":[{"href":"https:\/\/www.sportingcanal.com\/index.php?rest_route=\/wp\/v2\/posts\/30312"}],"collection":[{"href":"https:\/\/www.sportingcanal.com\/index.php?rest_route=\/wp\/v2\/posts"}],"about":[{"href":"https:\/\/www.sportingcanal.com\/index.php?rest_route=\/wp\/v2\/types\/post"}],"author":[{"embeddable":true,"href":"https:\/\/www.sportingcanal.com\/index.php?rest_route=\/wp\/v2\/users\/1"}],"replies":[{"embeddable":true,"href":"https:\/\/www.sportingcanal.com\/index.php?rest_route=%2Fwp%2Fv2%2Fcomments&post=30312"}],"version-history":[{"count":2,"href":"https:\/\/www.sportingcanal.com\/index.php?rest_route=\/wp\/v2\/posts\/30312\/revisions"}],"predecessor-version":[{"id":30315,"href":"https:\/\/www.sportingcanal.com\/index.php?rest_route=\/wp\/v2\/posts\/30312\/revisions\/30315"}],"wp:attachment":[{"href":"https:\/\/www.sportingcanal.com\/index.php?rest_route=%2Fwp%2Fv2%2Fmedia&parent=30312"}],"wp:term":[{"taxonomy":"category","embeddable":true,"href":"https:\/\/www.sportingcanal.com\/index.php?rest_route=%2Fwp%2Fv2%2Fcategories&post=30312"},{"taxonomy":"post_tag","embeddable":true,"href":"https:\/\/www.sportingcanal.com\/index.php?rest_route=%2Fwp%2Fv2%2Ftags&post=30312"}],"curies":[{"name":"wp","href":"https:\/\/api.w.org\/{rel}","templated":true}]}}