{"id":30362,"date":"2020-08-01T23:55:37","date_gmt":"2020-08-01T22:55:37","guid":{"rendered":"http:\/\/www.sportingcanal.com\/?p=30362"},"modified":"2020-08-02T03:25:35","modified_gmt":"2020-08-02T02:25:35","slug":"futebolista-da-temporada-2019-20-coates","status":"publish","type":"post","link":"https:\/\/www.sportingcanal.com\/?p=30362","title":{"rendered":"Futebolista da temporada 2019-20 &#8211; Coates"},"content":{"rendered":"<p><img loading=\"lazy\" decoding=\"async\" class=\"alignleft size-full wp-image-30364\" title=\"futebol - 2019-20 coates\" src=\"http:\/\/www.sportingcanal.com\/wp-content\/uploads\/2020\/08\/futebol-2019-20-coates.png\" alt=\"\" width=\"300\" height=\"300\" srcset=\"https:\/\/www.sportingcanal.com\/wp-content\/uploads\/2020\/08\/futebol-2019-20-coates.png 300w, https:\/\/www.sportingcanal.com\/wp-content\/uploads\/2020\/08\/futebol-2019-20-coates-150x150.png 150w\" sizes=\"(max-width: 300px) 100vw, 300px\" \/>Numa temporada com 48 jogos oficiais e mediante a vota\u00e7\u00e3o feita jogo a jogo pelo Sporting Canal ao desempenho de cada um dos futebolistas leoninos (notas de 0 a 10), Sebastian Coates foi por n\u00f3s eleito o Futebolista da Temporada 2019\/20. Em 2\u00ba lugar ficou Wendel e em 3\u00ba Acu\u00f1a. Veja a classifica\u00e7\u00e3o com todos os 36 futebolistas utilizados oficialmente pelos le\u00f5es esta \u00e9poca.<\/p>\n<p>O uruguaio sucedeu a Bruno Fernandes (vencedor das \u00faltimas 2 temporadas), Gelson Martins (2016\/17), Jo\u00e3o M\u00e1rio (2015\/16), Andr\u00e9 Carrillo (2014\/15), William Carvalho (2013\/14) e Rui Patr\u00edcio (2011\/12 e 2012\/13).<\/p>\n<p>Entretanto Bruno Fernandes (apesar de ter feito uma temporada muito incompleta \u2013 saiu em Janeiro para o Manchester United) foi o melhor sportinguista em campo por 13 vezes, com grande dist\u00e2ncia para os seus companheiros. Vietto foi o melhor por 5 vezes, Jovane, Coates e Max em 4 ocasi\u00f5es, Renan, Mathieu, Wendel e Acu\u00f1a por 3 vezes, Gonzalo Plata por 2, Raphinha, Bolasie, Lu\u00eds Phellype e Sporar por 1 vez.<\/p>\n<p>No que respeita a golos, Bruno Fernandes tamb\u00e9m foi o melhor (!) \u2013 com 15, seguido por Luiz Phellype com 9, Vietto com 8, Sporar 7, Jovane e Coates com 6, Gonzalo Plata, Mathieu e Wendel 3, Raphinha, Bolasie e Acu\u00f1a 2, Pedro Mendes, Jes\u00e9, Rafael Camacho e Borja 1. Benefici\u00e1mos ainda de 2 auto-golos.<\/p>\n<table border=\"1\" cellspacing=\"0\" cellpadding=\"0\" width=\"385\">\n<tbody>\n<tr>\n<td colspan=\"4\" width=\"385\" valign=\"top\"><strong>FUTEBOLISTA DA TEMPORADA 2019\/20<\/strong><\/td>\n<\/tr>\n<tr>\n<td width=\"36\" valign=\"top\"><\/td>\n<td width=\"206\" valign=\"top\">FUTEBOLISTA<\/td>\n<td width=\"78\" valign=\"top\">Presen\u00e7as<\/td>\n<td width=\"66\" valign=\"top\">PONTOS<\/td>\n<\/tr>\n<tr>\n<td width=\"36\" valign=\"top\">1<\/td>\n<td width=\"206\" valign=\"top\">Coates<\/td>\n<td width=\"78\" valign=\"top\">40<\/td>\n<td width=\"66\" valign=\"top\">239<\/td>\n<\/tr>\n<tr>\n<td width=\"36\" valign=\"top\">2<\/td>\n<td width=\"206\" valign=\"top\">Wendel<\/td>\n<td width=\"78\" valign=\"top\">39<\/td>\n<td width=\"66\" valign=\"top\">229<\/td>\n<\/tr>\n<tr>\n<td width=\"36\" valign=\"top\">3<\/td>\n<td width=\"206\" valign=\"top\">Acu\u00f1a<\/td>\n<td width=\"78\" valign=\"top\">36<\/td>\n<td width=\"66\" valign=\"top\">215<\/td>\n<\/tr>\n<tr>\n<td width=\"36\" valign=\"top\">4<\/td>\n<td width=\"206\" valign=\"top\">Bruno Fernandes<\/td>\n<td width=\"78\" valign=\"top\">28<\/td>\n<td width=\"66\" valign=\"top\">196<\/td>\n<\/tr>\n<tr>\n<td width=\"36\" valign=\"top\">5<\/td>\n<td width=\"206\" valign=\"top\">Max<\/td>\n<td width=\"78\" valign=\"top\">31<\/td>\n<td width=\"66\" valign=\"top\">194<\/td>\n<\/tr>\n<tr>\n<td width=\"36\" valign=\"top\">6<\/td>\n<td width=\"206\" valign=\"top\">Vietto<\/td>\n<td width=\"78\" valign=\"top\">35<\/td>\n<td width=\"66\" valign=\"top\">194<\/td>\n<\/tr>\n<tr>\n<td width=\"36\" valign=\"top\">7<\/td>\n<td width=\"206\" valign=\"top\">Idrissa Doumbia<\/td>\n<td width=\"78\" valign=\"top\">35<\/td>\n<td width=\"66\" valign=\"top\">159<\/td>\n<\/tr>\n<tr>\n<td width=\"36\" valign=\"top\">8<\/td>\n<td width=\"206\" valign=\"top\">Mathieu<\/td>\n<td width=\"78\" valign=\"top\">25<\/td>\n<td width=\"66\" valign=\"top\">142<\/td>\n<\/tr>\n<tr>\n<td width=\"36\" valign=\"top\">9<\/td>\n<td width=\"206\" valign=\"top\">Ristovski<\/td>\n<td width=\"78\" valign=\"top\">26<\/td>\n<td width=\"66\" valign=\"top\">129<\/td>\n<\/tr>\n<tr>\n<td width=\"36\" valign=\"top\">10<\/td>\n<td width=\"206\" valign=\"top\">Luiz Phellype<\/td>\n<td width=\"78\" valign=\"top\">26<\/td>\n<td width=\"66\" valign=\"top\">128<\/td>\n<\/tr>\n<tr>\n<td width=\"36\" valign=\"top\">11<\/td>\n<td width=\"206\" valign=\"top\">Bolasie<\/td>\n<td width=\"78\" valign=\"top\">25<\/td>\n<td width=\"66\" valign=\"top\">126<\/td>\n<\/tr>\n<tr>\n<td width=\"36\" valign=\"top\">12<\/td>\n<td width=\"206\" valign=\"top\">Borja<\/td>\n<td width=\"78\" valign=\"top\">30<\/td>\n<td width=\"66\" valign=\"top\">113<\/td>\n<\/tr>\n<tr>\n<td width=\"36\" valign=\"top\">13<\/td>\n<td width=\"206\" valign=\"top\">Jovane<\/td>\n<td width=\"78\" valign=\"top\">20<\/td>\n<td width=\"66\" valign=\"top\">111<\/td>\n<\/tr>\n<tr>\n<td width=\"36\" valign=\"top\">14<\/td>\n<td width=\"206\" valign=\"top\">Renan Ribeiro<\/td>\n<td width=\"78\" valign=\"top\">18<\/td>\n<td width=\"66\" valign=\"top\">109<\/td>\n<\/tr>\n<tr>\n<td width=\"36\" valign=\"top\">15<\/td>\n<td width=\"206\" valign=\"top\">Sporar<\/td>\n<td width=\"78\" valign=\"top\">18<\/td>\n<td width=\"66\" valign=\"top\">105<\/td>\n<\/tr>\n<tr>\n<td width=\"36\" valign=\"top\">16<\/td>\n<td width=\"206\" valign=\"top\">Neto<\/td>\n<td width=\"78\" valign=\"top\">22<\/td>\n<td width=\"66\" valign=\"top\">105<\/td>\n<\/tr>\n<tr>\n<td width=\"36\" valign=\"top\">17<\/td>\n<td width=\"206\" valign=\"top\">Gonzalo Plata<\/td>\n<td width=\"78\" valign=\"top\">24<\/td>\n<td width=\"66\" valign=\"top\">104<\/td>\n<\/tr>\n<tr>\n<td width=\"36\" valign=\"top\">18<\/td>\n<td width=\"206\" valign=\"top\">Rafael Camacho<\/td>\n<td width=\"78\" valign=\"top\">26<\/td>\n<td width=\"66\" valign=\"top\">90<\/td>\n<\/tr>\n<tr>\n<td width=\"36\" valign=\"top\">19<\/td>\n<td width=\"206\" valign=\"top\">Eduardo<\/td>\n<td width=\"78\" valign=\"top\">22<\/td>\n<td width=\"66\" valign=\"top\">85<\/td>\n<\/tr>\n<tr>\n<td width=\"36\" valign=\"top\">20<\/td>\n<td width=\"206\" valign=\"top\">Battaglia<\/td>\n<td width=\"78\" valign=\"top\">20<\/td>\n<td width=\"66\" valign=\"top\">80<\/td>\n<\/tr>\n<tr>\n<td width=\"36\" valign=\"top\">21<\/td>\n<td width=\"206\" valign=\"top\">Rosier<\/td>\n<td width=\"78\" valign=\"top\">16<\/td>\n<td width=\"66\" valign=\"top\">78<\/td>\n<\/tr>\n<tr>\n<td width=\"36\" valign=\"top\">22<\/td>\n<td width=\"206\" valign=\"top\">Tiago Ilori<\/td>\n<td width=\"78\" valign=\"top\">14<\/td>\n<td width=\"66\" valign=\"top\">64<\/td>\n<\/tr>\n<tr>\n<td width=\"36\" valign=\"top\">23<\/td>\n<td width=\"206\" valign=\"top\">Jes\u00e9 Rodr\u00edguez<\/td>\n<td width=\"78\" valign=\"top\">17<\/td>\n<td width=\"66\" valign=\"top\">60<\/td>\n<\/tr>\n<tr>\n<td width=\"36\" valign=\"top\">24<\/td>\n<td width=\"206\" valign=\"top\">Eduardo Quaresma<\/td>\n<td width=\"78\" valign=\"top\">9<\/td>\n<td width=\"66\" valign=\"top\">54<\/td>\n<\/tr>\n<tr>\n<td width=\"36\" valign=\"top\">25<\/td>\n<td width=\"206\" valign=\"top\">Nuno Mendes<\/td>\n<td width=\"78\" valign=\"top\">9<\/td>\n<td width=\"66\" valign=\"top\">52<\/td>\n<\/tr>\n<tr>\n<td width=\"36\" valign=\"top\">26<\/td>\n<td width=\"206\" valign=\"top\">Matheus Nunes<\/td>\n<td width=\"78\" valign=\"top\">10<\/td>\n<td width=\"66\" valign=\"top\">50<\/td>\n<\/tr>\n<tr>\n<td width=\"36\" valign=\"top\">27<\/td>\n<td width=\"206\" valign=\"top\">Miguel Lu\u00eds<\/td>\n<td width=\"78\" valign=\"top\">7<\/td>\n<td width=\"66\" valign=\"top\">31<\/td>\n<\/tr>\n<tr>\n<td width=\"36\" valign=\"top\">28<\/td>\n<td width=\"206\" valign=\"top\">Raphinha<\/td>\n<td width=\"78\" valign=\"top\">5<\/td>\n<td width=\"66\" valign=\"top\">30<\/td>\n<\/tr>\n<tr>\n<td width=\"36\" valign=\"top\">29<\/td>\n<td width=\"206\" valign=\"top\">Francisco Geraldes<\/td>\n<td width=\"78\" valign=\"top\">8<\/td>\n<td width=\"66\" valign=\"top\">30<\/td>\n<\/tr>\n<tr>\n<td width=\"36\" valign=\"top\">30<\/td>\n<td width=\"206\" valign=\"top\">Thierry Correia<\/td>\n<td width=\"78\" valign=\"top\">5<\/td>\n<td width=\"66\" valign=\"top\">27<\/td>\n<\/tr>\n<tr>\n<td width=\"36\" valign=\"top\">31<\/td>\n<td width=\"206\" valign=\"top\">Pedro Mendes<\/td>\n<td width=\"78\" valign=\"top\">12<\/td>\n<td width=\"66\" valign=\"top\">26<\/td>\n<\/tr>\n<tr>\n<td width=\"36\" valign=\"top\">32<\/td>\n<td width=\"206\" valign=\"top\">Tiago Tom\u00e1s<\/td>\n<td width=\"78\" valign=\"top\">5<\/td>\n<td width=\"66\" valign=\"top\">12<\/td>\n<\/tr>\n<tr>\n<td width=\"36\" valign=\"top\">33<\/td>\n<td width=\"206\" valign=\"top\">Rodrigo Fernandes<\/td>\n<td width=\"78\" valign=\"top\">4<\/td>\n<td width=\"66\" valign=\"top\">11<\/td>\n<\/tr>\n<tr>\n<td width=\"36\" valign=\"top\">34<\/td>\n<td width=\"206\" valign=\"top\">Diaby<\/td>\n<td width=\"78\" valign=\"top\">3<\/td>\n<td width=\"66\" valign=\"top\">7<\/td>\n<\/tr>\n<tr>\n<td width=\"36\" valign=\"top\">35<\/td>\n<td width=\"206\" valign=\"top\">Joelson Fernandes<\/td>\n<td width=\"78\" valign=\"top\">4<\/td>\n<td width=\"66\" valign=\"top\">7<\/td>\n<\/tr>\n<tr>\n<td width=\"36\" valign=\"top\">36<\/td>\n<td width=\"206\" valign=\"top\">Bas Dost<\/td>\n<td width=\"78\" valign=\"top\">2<\/td>\n<td width=\"66\" valign=\"top\">6<\/td>\n<\/tr>\n<\/tbody>\n<\/table>\n<div class=\"tweetthis\" style=\"text-align:left;\"><p> <a target=\"_blank\" rel=\"nofollow\" class=\"tt\" href=\"http:\/\/twitter.com\/home\/?status=Futebolista+da+temporada+2019-20+%E2%80%93+Coates+https%3A%2F%2Fis.gd%2FKhIVeQ\" title=\"Post to Twitter\"><img decoding=\"async\" class=\"nothumb\" src=\"http:\/\/www.sportingcanal.com\/wp-content\/plugins\/tweet-this\/icons\/en\/twitter\/tt-twitter6.png\" alt=\"Post to Twitter\" \/><\/a><\/p><\/div>","protected":false},"excerpt":{"rendered":"<p>Numa temporada com 48 jogos oficiais e mediante a vota\u00e7\u00e3o feita jogo a jogo pelo Sporting Canal ao desempenho de cada um dos futebolistas leoninos (notas de 0 a 10), Sebastian Coates foi por n\u00f3s eleito o Futebolista da Temporada 2019\/20. Em 2\u00ba lugar ficou Wendel e em 3\u00ba Acu\u00f1a. Veja a classifica\u00e7\u00e3o com todos [&hellip;]<\/p>\n","protected":false},"author":1,"featured_media":0,"comment_status":"open","ping_status":"closed","sticky":false,"template":"","format":"standard","meta":{"_et_pb_use_builder":"","_et_pb_old_content":"","_et_gb_content_width":"","footnotes":""},"categories":[6],"tags":[8,96],"_links":{"self":[{"href":"https:\/\/www.sportingcanal.com\/index.php?rest_route=\/wp\/v2\/posts\/30362"}],"collection":[{"href":"https:\/\/www.sportingcanal.com\/index.php?rest_route=\/wp\/v2\/posts"}],"about":[{"href":"https:\/\/www.sportingcanal.com\/index.php?rest_route=\/wp\/v2\/types\/post"}],"author":[{"embeddable":true,"href":"https:\/\/www.sportingcanal.com\/index.php?rest_route=\/wp\/v2\/users\/1"}],"replies":[{"embeddable":true,"href":"https:\/\/www.sportingcanal.com\/index.php?rest_route=%2Fwp%2Fv2%2Fcomments&post=30362"}],"version-history":[{"count":3,"href":"https:\/\/www.sportingcanal.com\/index.php?rest_route=\/wp\/v2\/posts\/30362\/revisions"}],"predecessor-version":[{"id":30366,"href":"https:\/\/www.sportingcanal.com\/index.php?rest_route=\/wp\/v2\/posts\/30362\/revisions\/30366"}],"wp:attachment":[{"href":"https:\/\/www.sportingcanal.com\/index.php?rest_route=%2Fwp%2Fv2%2Fmedia&parent=30362"}],"wp:term":[{"taxonomy":"category","embeddable":true,"href":"https:\/\/www.sportingcanal.com\/index.php?rest_route=%2Fwp%2Fv2%2Fcategories&post=30362"},{"taxonomy":"post_tag","embeddable":true,"href":"https:\/\/www.sportingcanal.com\/index.php?rest_route=%2Fwp%2Fv2%2Ftags&post=30362"}],"curies":[{"name":"wp","href":"https:\/\/api.w.org\/{rel}","templated":true}]}}