{"id":30701,"date":"2020-09-30T23:59:34","date_gmt":"2020-09-30T22:59:34","guid":{"rendered":"http:\/\/www.sportingcanal.com\/?p=30701"},"modified":"2020-10-04T23:32:05","modified_gmt":"2020-10-04T22:32:05","slug":"futebolista-do-mes-de-setembro-de-2020-coates","status":"publish","type":"post","link":"https:\/\/www.sportingcanal.com\/?p=30701","title":{"rendered":"Futebolista do m\u00eas de Setembro de 2020 &#8211; Coates"},"content":{"rendered":"<p><img loading=\"lazy\" decoding=\"async\" class=\"alignleft size-full wp-image-30702\" title=\"futebol - 2020-21 coates\" src=\"http:\/\/www.sportingcanal.com\/wp-content\/uploads\/2020\/10\/futebol-2020-21-coates.png\" alt=\"\" width=\"300\" height=\"300\" srcset=\"https:\/\/www.sportingcanal.com\/wp-content\/uploads\/2020\/10\/futebol-2020-21-coates.png 300w, https:\/\/www.sportingcanal.com\/wp-content\/uploads\/2020\/10\/futebol-2020-21-coates-150x150.png 150w\" sizes=\"(max-width: 300px) 100vw, 300px\" \/>A equipa principal do Sporting realizou 2 partidas oficiais no m\u00eas de Setembro (o primeiro das competi\u00e7\u00f5es oficiais).<\/p>\n<p>De acordo com as vota\u00e7\u00f5es de desempenho jogo a jogo atribu\u00eddas pelo site Sporting Canal, Coates come\u00e7ou esta \u00e9poca como acabou a anterior, a liderar, com 17 pontos, seguido por Pedro Porro com 14.<\/p>\n<p>Em rela\u00e7\u00e3o ao melhor sportinguista em campo, Coates foi-o em ambas as partidas \u2013 rece\u00e7\u00e3o ao Aberdeen e desloca\u00e7\u00e3o a Pa\u00e7os de Ferreira.<\/p>\n<p>Tiago Tom\u00e1s, Jovane e Coates marcaram todos 1 golo.<\/p>\n<table border=\"1\" cellspacing=\"0\" cellpadding=\"0\" width=\"432\">\n<tbody>\n<tr>\n<td colspan=\"4\" width=\"432\" valign=\"top\"><strong>SETEMBRO DE 2020<\/strong><\/td>\n<\/tr>\n<tr>\n<td width=\"36\" valign=\"top\"><\/td>\n<td width=\"274\" valign=\"top\">FUTEBOLISTA<\/td>\n<td width=\"57\" valign=\"top\">Jogos<\/td>\n<td width=\"66\" valign=\"top\">PONTOS<\/td>\n<\/tr>\n<tr>\n<td width=\"36\" valign=\"top\">1<\/td>\n<td width=\"274\" valign=\"top\">Coates<\/td>\n<td width=\"57\" valign=\"top\">2<\/td>\n<td width=\"66\" valign=\"top\">17<\/td>\n<\/tr>\n<tr>\n<td width=\"36\" valign=\"top\">2<\/td>\n<td width=\"274\" valign=\"top\">Pedro   Porro<\/td>\n<td width=\"57\" valign=\"top\">2<\/td>\n<td width=\"66\" valign=\"top\">14<\/td>\n<\/tr>\n<tr>\n<td width=\"36\" valign=\"top\">3<\/td>\n<td width=\"274\" valign=\"top\">Nuno   Mendes<\/td>\n<td width=\"57\" valign=\"top\">2<\/td>\n<td width=\"66\" valign=\"top\">13<\/td>\n<\/tr>\n<tr>\n<td width=\"36\" valign=\"top\"><\/td>\n<td width=\"274\" valign=\"top\">Wendel<\/td>\n<td width=\"57\" valign=\"top\">2<\/td>\n<td width=\"66\" valign=\"top\">13<\/td>\n<\/tr>\n<tr>\n<td width=\"36\" valign=\"top\">5<\/td>\n<td width=\"274\" valign=\"top\">Tiago   Tom\u00e1s<\/td>\n<td width=\"57\" valign=\"top\">2<\/td>\n<td width=\"66\" valign=\"top\">12<\/td>\n<\/tr>\n<tr>\n<td width=\"36\" valign=\"top\"><\/td>\n<td width=\"274\" valign=\"top\">Feddal<\/td>\n<td width=\"57\" valign=\"top\">2<\/td>\n<td width=\"66\" valign=\"top\">12<\/td>\n<\/tr>\n<tr>\n<td width=\"36\" valign=\"top\"><\/td>\n<td width=\"274\" valign=\"top\">Ad\u00e1n<\/td>\n<td width=\"57\" valign=\"top\">2<\/td>\n<td width=\"66\" valign=\"top\">12<\/td>\n<\/tr>\n<tr>\n<td width=\"36\" valign=\"top\"><\/td>\n<td width=\"274\" valign=\"top\">Matheus   Nunes<\/td>\n<td width=\"57\" valign=\"top\">2<\/td>\n<td width=\"66\" valign=\"top\">12<\/td>\n<\/tr>\n<tr>\n<td width=\"36\" valign=\"top\">9<\/td>\n<td width=\"274\" valign=\"top\">Vietto<\/td>\n<td width=\"57\" valign=\"top\">2<\/td>\n<td width=\"66\" valign=\"top\">11<\/td>\n<\/tr>\n<tr>\n<td width=\"36\" valign=\"top\"><\/td>\n<td width=\"274\" valign=\"top\">Jovane<\/td>\n<td width=\"57\" valign=\"top\">2<\/td>\n<td width=\"66\" valign=\"top\">11<\/td>\n<\/tr>\n<\/tbody>\n<\/table>\n<div class=\"tweetthis\" style=\"text-align:left;\"><p> <a target=\"_blank\" rel=\"nofollow\" class=\"tt\" href=\"http:\/\/twitter.com\/home\/?status=Futebolista+do+m%C3%AAs+de+Setembro+de+2020+%E2%80%93+Coates+https%3A%2F%2Fis.gd%2F1vSPfS\" title=\"Post to Twitter\"><img decoding=\"async\" class=\"nothumb\" src=\"http:\/\/www.sportingcanal.com\/wp-content\/plugins\/tweet-this\/icons\/en\/twitter\/tt-twitter6.png\" alt=\"Post to Twitter\" \/><\/a><\/p><\/div>","protected":false},"excerpt":{"rendered":"<p>A equipa principal do Sporting realizou 2 partidas oficiais no m\u00eas de Setembro (o primeiro das competi\u00e7\u00f5es oficiais). De acordo com as vota\u00e7\u00f5es de desempenho jogo a jogo atribu\u00eddas pelo site Sporting Canal, Coates come\u00e7ou esta \u00e9poca como acabou a anterior, a liderar, com 17 pontos, seguido por Pedro Porro com 14. Em rela\u00e7\u00e3o ao [&hellip;]<\/p>\n","protected":false},"author":1,"featured_media":0,"comment_status":"open","ping_status":"closed","sticky":false,"template":"","format":"standard","meta":{"_et_pb_use_builder":"","_et_pb_old_content":"","_et_gb_content_width":"","footnotes":""},"categories":[6],"tags":[8,91],"_links":{"self":[{"href":"https:\/\/www.sportingcanal.com\/index.php?rest_route=\/wp\/v2\/posts\/30701"}],"collection":[{"href":"https:\/\/www.sportingcanal.com\/index.php?rest_route=\/wp\/v2\/posts"}],"about":[{"href":"https:\/\/www.sportingcanal.com\/index.php?rest_route=\/wp\/v2\/types\/post"}],"author":[{"embeddable":true,"href":"https:\/\/www.sportingcanal.com\/index.php?rest_route=\/wp\/v2\/users\/1"}],"replies":[{"embeddable":true,"href":"https:\/\/www.sportingcanal.com\/index.php?rest_route=%2Fwp%2Fv2%2Fcomments&post=30701"}],"version-history":[{"count":1,"href":"https:\/\/www.sportingcanal.com\/index.php?rest_route=\/wp\/v2\/posts\/30701\/revisions"}],"predecessor-version":[{"id":30703,"href":"https:\/\/www.sportingcanal.com\/index.php?rest_route=\/wp\/v2\/posts\/30701\/revisions\/30703"}],"wp:attachment":[{"href":"https:\/\/www.sportingcanal.com\/index.php?rest_route=%2Fwp%2Fv2%2Fmedia&parent=30701"}],"wp:term":[{"taxonomy":"category","embeddable":true,"href":"https:\/\/www.sportingcanal.com\/index.php?rest_route=%2Fwp%2Fv2%2Fcategories&post=30701"},{"taxonomy":"post_tag","embeddable":true,"href":"https:\/\/www.sportingcanal.com\/index.php?rest_route=%2Fwp%2Fv2%2Ftags&post=30701"}],"curies":[{"name":"wp","href":"https:\/\/api.w.org\/{rel}","templated":true}]}}