{"id":30734,"date":"2025-10-08T09:30:49","date_gmt":"2025-10-08T08:30:49","guid":{"rendered":"http:\/\/www.sportingcanal.com\/?p=30734"},"modified":"2025-10-08T14:41:19","modified_gmt":"2025-10-08T13:41:19","slug":"basquetebol-sporting-87-fc-porto-78-ganhamos-a-taca-de-portugal","status":"publish","type":"post","link":"https:\/\/www.sportingcanal.com\/?p=30734","title":{"rendered":"2020 \u2013 Ganh\u00e1mos a Ta\u00e7a de Portugal de Basquetebol pela 6\u00aa vez!"},"content":{"rendered":"<p>8 de Outubro de 2020. O Sporting conquistou, esta quinta-feira, a edi\u00e7\u00e3o 2019\/2020 da Ta\u00e7a de Portugal em Basquetebol (pela 6\u00aa vez, sendo que a \u00faltima tinha acontecido em 1980!), ap\u00f3s a vit\u00f3ria por 87-78 sobre o FC Porto, na final realizada no Pavilh\u00e3o Multiusos de Odivelas.<\/p>\n<p>Foi o 1\u00ba t\u00edtulo dos le\u00f5es desde a reativa\u00e7\u00e3o do Basquetebol, que aconteceu precisamente na \u00e9poca que agora termina.<\/p>\n<p>Os le\u00f5es, cujo 5 inicial foi: Shakir Smith, James Ellisor (capit\u00e3o), Travante Williams, Jo\u00e3o Fernandes e John Fields, entraram a marcar, mas foi o FC Porto a assumir a vantagem no marcador desde os instantes iniciais, chegando ao final do 1\u00ba per\u00edodo a vencer por 27-24.<\/p>\n<p>A equipa orientada por Moncho L\u00f3pez manteve sempre a dianteira no 2\u00ba per\u00edodo apesar de ter perdido o parcial (17-18). Os drag\u00f5es chegaram ao intervalo a vencer, mas j\u00e1 com aproxima\u00e7\u00e3o leonina (com John Fields em destaque) no marcador (44-42).<\/p>\n<p>Na entrada para os \u00faltimos 20 minutos, os comandados de Lu\u00eds Magalh\u00e3es conseguiram finalmente igualar as contas a 44 pontos. Ap\u00f3s alguma altern\u00e2ncia no marcador, um parcial de 8-0 valeu a reviravolta definitiva dos verde e brancos (de 51-50 para 51-58). O \u00a03\u00ba per\u00edodo (onde James Ellisor esteve muito inspirado) teve um parcial de 9-18 e chegou com 60-53 no marcador a favor do Sporting.<\/p>\n<p>Essa vantagem nunca mais nos fugiu. No \u00faltimo per\u00edodo, com James Ellisor e Francisco Amiel em grande, os le\u00f5es chegaram a estar a vencer por 12 pontos de diferen\u00e7a (76-64), aos 36 minutos de jogo. O parcial final voltou a ser favor\u00e1vel ao Sporting,\u00a027-25, que confirmou o t\u00edtulo.<\/p>\n<p>Com 24 pontos, James Ellisor foi o melhor marcador do desafio, sendo que John Fields (18 pontos e 13 ressaltos) foi eleito MVP.<\/p>\n<p>A equipa: Travante Williams (11), Francisco Amiel (10), John Fields (18), Shakir Smith (1), Jeremias Manjate, Diogo Ventura (6), Jo\u00e3o Fernandes (8), Cl\u00e1udio Fonseca, Diogo Ara\u00fajo (2), Pedro Catarino (2), Jalen Henry (5) e James Ellisor (24).<\/p>\n<p>O Sporting sucedeu precisamente ao FC Porto, que conquistara o trof\u00e9u em 2019, ante a UD Oliveirense.<\/p>\n<p>Lu\u00eds Magalh\u00e3es, o treinador sportinguista, considerou no final que \u201co Sporting foi um justo vencedor\u201d, destacando \u201ca exibi\u00e7\u00e3o em crescendo\u201d da sua equipa. &#8220;Fizemos uma grande 2\u00aa parte em termos t\u00e1ticos, parando o FC Porto. Os jogadores estiveram brilhantes e mereceram a vit\u00f3ria, s\u00e3o excelentes profissionais (\u2026) A FPB e os respons\u00e1veis pelo pavilh\u00e3o de Odivelas fizeram uma grande organiza\u00e7\u00e3o da Ta\u00e7a. Agrade\u00e7o ao presidente do Sporting, o Dr. Frederico Varandas, por ontem e hoje ter disponibilizado tempo para estar connosco no hotel e dar-nos a for\u00e7a toda&#8221;, sublinhou.<\/p>\n<div class=\"tweetthis\" style=\"text-align:left;\"><p> <a target=\"_blank\" rel=\"nofollow\" class=\"tt\" href=\"http:\/\/twitter.com\/home\/?status=2020+%E2%80%93+Ganh%C3%A1mos+a+Ta%C3%A7a+de+Portugal+de+Basquetebol+pela+6%C2%AA+vez%21+https%3A%2F%2Fis.gd%2FUygXcF\" title=\"Post to Twitter\"><img decoding=\"async\" class=\"nothumb\" src=\"http:\/\/www.sportingcanal.com\/wp-content\/plugins\/tweet-this\/icons\/en\/twitter\/tt-twitter6.png\" alt=\"Post to Twitter\" \/><\/a><\/p><\/div>","protected":false},"excerpt":{"rendered":"<p>8 de Outubro de 2020. O Sporting conquistou, esta quinta-feira, a edi\u00e7\u00e3o 2019\/2020 da Ta\u00e7a de Portugal em Basquetebol (pela 6\u00aa vez, sendo que a \u00faltima tinha acontecido em 1980!), ap\u00f3s a vit\u00f3ria por 87-78 sobre o FC Porto, na final realizada no Pavilh\u00e3o Multiusos de Odivelas. Foi o 1\u00ba t\u00edtulo dos le\u00f5es desde a [&hellip;]<\/p>\n","protected":false},"author":1,"featured_media":39045,"comment_status":"open","ping_status":"closed","sticky":false,"template":"","format":"standard","meta":{"_et_pb_use_builder":"","_et_pb_old_content":"","_et_gb_content_width":"","footnotes":""},"categories":[17],"tags":[54,12,68],"_links":{"self":[{"href":"https:\/\/www.sportingcanal.com\/index.php?rest_route=\/wp\/v2\/posts\/30734"}],"collection":[{"href":"https:\/\/www.sportingcanal.com\/index.php?rest_route=\/wp\/v2\/posts"}],"about":[{"href":"https:\/\/www.sportingcanal.com\/index.php?rest_route=\/wp\/v2\/types\/post"}],"author":[{"embeddable":true,"href":"https:\/\/www.sportingcanal.com\/index.php?rest_route=\/wp\/v2\/users\/1"}],"replies":[{"embeddable":true,"href":"https:\/\/www.sportingcanal.com\/index.php?rest_route=%2Fwp%2Fv2%2Fcomments&post=30734"}],"version-history":[{"count":9,"href":"https:\/\/www.sportingcanal.com\/index.php?rest_route=\/wp\/v2\/posts\/30734\/revisions"}],"predecessor-version":[{"id":39046,"href":"https:\/\/www.sportingcanal.com\/index.php?rest_route=\/wp\/v2\/posts\/30734\/revisions\/39046"}],"wp:featuredmedia":[{"embeddable":true,"href":"https:\/\/www.sportingcanal.com\/index.php?rest_route=\/wp\/v2\/media\/39045"}],"wp:attachment":[{"href":"https:\/\/www.sportingcanal.com\/index.php?rest_route=%2Fwp%2Fv2%2Fmedia&parent=30734"}],"wp:term":[{"taxonomy":"category","embeddable":true,"href":"https:\/\/www.sportingcanal.com\/index.php?rest_route=%2Fwp%2Fv2%2Fcategories&post=30734"},{"taxonomy":"post_tag","embeddable":true,"href":"https:\/\/www.sportingcanal.com\/index.php?rest_route=%2Fwp%2Fv2%2Ftags&post=30734"}],"curies":[{"name":"wp","href":"https:\/\/api.w.org\/{rel}","templated":true}]}}