{"id":3091,"date":"2026-03-11T08:00:14","date_gmt":"2026-03-11T07:00:14","guid":{"rendered":"http:\/\/www.sportingcanal.com\/?p=3091"},"modified":"2026-03-14T14:22:53","modified_gmt":"2026-03-14T13:22:53","slug":"galileu-suplente-de-luxo-que-foi-avancado-extremo-e-defesa-direito","status":"publish","type":"post","link":"https:\/\/www.sportingcanal.com\/?p=3091","title":{"rendered":"Galileu \u2013 \u201cSuplente de luxo\u201d que foi avan\u00e7ado, extremo e defesa-direito"},"content":{"rendered":"<p>Galileu Morgado de Moura nasceu a 11 de Mar\u00e7o de 1929. Chegou ao Sporting no Ver\u00e3o de 1950, muito jovem ainda (21 anos) como 3\u00aa op\u00e7\u00e3o para o lugar de avan\u00e7ado centro (atr\u00e1s de M\u00e1rio Wilson e Joaquim Pacheco). Estreou-se oficialmente num Sporting-Benfica (2-2) para o Campeonato Nacional e logo fez 1 golo. Nessa 1\u00aa temporada, sob o comando de Randolph Galloway, tomou parte apenas de mais uma partida, e curiosamente tamb\u00e9m marcou. Os le\u00f5es sagraram-se campe\u00f5es nacionais pela 6\u00aa vez.<\/p>\n<p>Na temporada seguinte o seu \u201clugar hier\u00e1rquico\u201d no plantel n\u00e3o mudou. Agora eram Martins e Albuquerque que estavam \u201c\u00e0 sua frente\u201d e mais uma vez jogou pouco (apenas 3 presen\u00e7as) mas voltou a marcar 2 golos (no mesmo jogo, em Guimar\u00e3es, que valeram o triunfo por 2-1) e o Sporting voltou a ser campe\u00e3o.<\/p>\n<p>Com o abandono de Jesus Correia, Galloway pensou em Galileu para a extrema direita. A\u00ed, rivalizando com Rola, o jovem le\u00e3o come\u00e7ou a \u201cdar cartas\u201d destacando-se uma exibi\u00e7\u00e3o monumental numa rece\u00e7\u00e3o ao FC Porto a 15 de Fevereiro de 1953 (5-1). O Sporting foi tri-campe\u00e3o e Galileu ia conquistando o seu espa\u00e7o na equipa. No entanto, no ano seguinte, chegou Hugo. Galileu voltou \u00e0s reservas, somando apenas 9 jogos oficiais. Ainda assim marcou 2 golos important\u00edssimos numa muito discutida eliminat\u00f3ria para a Ta\u00e7a de Portugal frente ao Benfica na qual o Sporting saiu vitorioso. Ali\u00e1s, nessa \u00e9poca (1953\/54), os le\u00f5es conseguiram a t\u00e3o ambicionada \u201cdobradinha\u201d, com o 1\u00ba tetra do Futebol nacional. Na \u201csombra\u201d de Hugo se manteve na \u00e9poca seguinte com apari\u00e7\u00f5es espor\u00e1dicas na 1\u00aa equipa. No entanto, mais uma vez deixou a sua marca numa goleada ao FC Porto por 5-1 na qual fez mais 1 golo.<\/p>\n<p>Para 1955\/56, mudan\u00e7a radical. Scopelli apostou nele para defesa-direito como alternativa, curiosamente, ao outro ex-avan\u00e7ado Joaquim Pacheco. Realizou 11 jogos. A sua \u00faltima temporada de verde e branco foi a de 1956\/57. A\u00ed fez apenas 1 jogo, o seu \u00faltimo pelo Sporting, a 11 de Novembro de 1956, com uma vit\u00f3ria na Tapadinha frente ao Atl\u00e9tico CP por 3-1.<\/p>\n<p>Esteve um total de 7 \u00e9pocas no Sporting, alinhando em 46 partidas oficiais e marcando 13 golos. Ganhou 4 Campeonatos Nacionais e uma Ta\u00e7a de Portugal. Deixou a imagem de um futebolista vers\u00e1til, polivalente, com bom sentido de baliza. Era uma esp\u00e9cie de \u201csuplente de luxo\u201d numa equipa de grandes talentos. Depois jogou ainda no Torreense.<\/p>\n<p>Em Dezembro de 2004 foi dado o seu nome a uma rua em Carcavelos. No ano seguinte recebeu o Pr\u00e9mio Stromp \u201cEspecial\u201d. Morreu a 4 de Abril de 2006.<\/p>\n<div class=\"tweetthis\" style=\"text-align:left;\"><p> <a target=\"_blank\" rel=\"nofollow\" class=\"tt\" href=\"http:\/\/twitter.com\/home\/?status=Galileu+%E2%80%93+%E2%80%9CSuplente+de+luxo%E2%80%9D+que+foi+avan%C3%A7ado%2C+extremo+e+defesa-direito+https%3A%2F%2Fis.gd%2FbOL1yx\" title=\"Post to Twitter\"><img decoding=\"async\" class=\"nothumb\" src=\"http:\/\/www.sportingcanal.com\/wp-content\/plugins\/tweet-this\/icons\/en\/twitter\/tt-twitter6.png\" alt=\"Post to Twitter\" \/><\/a><\/p><\/div>","protected":false},"excerpt":{"rendered":"<p>Galileu Morgado de Moura nasceu a 11 de Mar\u00e7o de 1929. Chegou ao Sporting no Ver\u00e3o de 1950, muito jovem ainda (21 anos) como 3\u00aa op\u00e7\u00e3o para o lugar de avan\u00e7ado centro (atr\u00e1s de M\u00e1rio Wilson e Joaquim Pacheco). Estreou-se oficialmente num Sporting-Benfica (2-2) para o Campeonato Nacional e logo fez 1 golo. Nessa 1\u00aa [&hellip;]<\/p>\n","protected":false},"author":1,"featured_media":3092,"comment_status":"open","ping_status":"open","sticky":false,"template":"","format":"standard","meta":{"_et_pb_use_builder":"","_et_pb_old_content":"","_et_gb_content_width":"","footnotes":""},"categories":[63],"tags":[66,8,208],"_links":{"self":[{"href":"https:\/\/www.sportingcanal.com\/index.php?rest_route=\/wp\/v2\/posts\/3091"}],"collection":[{"href":"https:\/\/www.sportingcanal.com\/index.php?rest_route=\/wp\/v2\/posts"}],"about":[{"href":"https:\/\/www.sportingcanal.com\/index.php?rest_route=\/wp\/v2\/types\/post"}],"author":[{"embeddable":true,"href":"https:\/\/www.sportingcanal.com\/index.php?rest_route=\/wp\/v2\/users\/1"}],"replies":[{"embeddable":true,"href":"https:\/\/www.sportingcanal.com\/index.php?rest_route=%2Fwp%2Fv2%2Fcomments&post=3091"}],"version-history":[{"count":22,"href":"https:\/\/www.sportingcanal.com\/index.php?rest_route=\/wp\/v2\/posts\/3091\/revisions"}],"predecessor-version":[{"id":39804,"href":"https:\/\/www.sportingcanal.com\/index.php?rest_route=\/wp\/v2\/posts\/3091\/revisions\/39804"}],"wp:featuredmedia":[{"embeddable":true,"href":"https:\/\/www.sportingcanal.com\/index.php?rest_route=\/wp\/v2\/media\/3092"}],"wp:attachment":[{"href":"https:\/\/www.sportingcanal.com\/index.php?rest_route=%2Fwp%2Fv2%2Fmedia&parent=3091"}],"wp:term":[{"taxonomy":"category","embeddable":true,"href":"https:\/\/www.sportingcanal.com\/index.php?rest_route=%2Fwp%2Fv2%2Fcategories&post=3091"},{"taxonomy":"post_tag","embeddable":true,"href":"https:\/\/www.sportingcanal.com\/index.php?rest_route=%2Fwp%2Fv2%2Ftags&post=3091"}],"curies":[{"name":"wp","href":"https:\/\/api.w.org\/{rel}","templated":true}]}}