{"id":3094,"date":"2026-03-11T09:00:57","date_gmt":"2026-03-11T08:00:57","guid":{"rendered":"http:\/\/www.sportingcanal.com\/?p=3094"},"modified":"2026-03-14T14:22:45","modified_gmt":"2026-03-14T13:22:45","slug":"negrete-el-zurdo-de-oro-deixou-marcas-em-alvalade","status":"publish","type":"post","link":"https:\/\/www.sportingcanal.com\/?p=3094","title":{"rendered":"Negrete \u2013 \u201cEl zurdo de oro\u201d deixou marcas no Alvalade"},"content":{"rendered":"<p>Manuel Negrete \u00c1rias nasceu a 11 de Mar\u00e7o de 1959 em Altamirano \u2013 M\u00e9xico. Come\u00e7ou a sua carreira no Pumas e ganhou destaque por marcar golos de grande espet\u00e1culo.<\/p>\n<p>No Mundial do M\u00e9xico de 1986 fez um golo fant\u00e1stico que chamou a si os olhos de todo o mundo mas foi Jo\u00e3o Rocha quem o conseguiu contratar para o Sporting. A sua chegada a Alvalade foi muito badalada, dele esperava-se grandes cometimentos.<\/p>\n<p>Estreou-se oficialmente num Sporting-Desp. Chaves (3-1) a 20 de Agosto de 1986. Na semana seguinte marcou em Vila do Conde um golo fant\u00e1stico que deixou os sportinguistas de \u201c\u00e1gua na boca\u201d com enorm\u00edssimas expetativas em rela\u00e7\u00e3o ao novo recruta. Nos primeiros tempos foi titular, com Manuel Jos\u00e9. Era um jogador que alinhava pelo centro\/esquerda do meio campo, com muito boa t\u00e9cnica, classe indiscut\u00edvel, mas problemas evidentes de adapta\u00e7\u00e3o ao futebol europeu. Para al\u00e9m disso era d\u00e9bil fisicamente o que mais dificultou a sua presen\u00e7a na Europa.<\/p>\n<p>Ainda fez mais alguns golos, destacando-se o que marcou em Akranes que contribuiu para o recorde entre equipas nacionais de goleadas \u201cfora\u201d (9-0) para as Competi\u00e7\u00f5es Europeias, que persiste, e tamb\u00e9m o que fez ao FC Barcelona em Alvalade que quase valeu a qualifica\u00e7\u00e3o na Ta\u00e7a UEFA (n\u00e3o fosse um golo dos catal\u00e3es quase no final a reduzir para 2-1).<\/p>\n<p>Aos poucos foi perdendo protagonismo na equipa (ainda por cima Manuel Jos\u00e9 tamb\u00e9m saiu) e jogou pela \u00faltima vez pouco mais de 5 meses depois de se ter estreado, num 0-0 em Vidal Pinheiro frente ao Salgueiros numa tarde de dil\u00favio. Fez um total de 21 jogos oficiais pelo Sporting, com 5 golos marcados. Apesar da sua curt\u00edssima estada em Alvalade deixou boas recorda\u00e7\u00f5es.<\/p>\n<p>Depois do Sporting jogou ainda em Gijon, mas sem sucesso. Regressou ent\u00e3o ao seu pa\u00eds e l\u00e1 sim, voltou a ser o Negrete que todos conheciam. Jogou ainda em v\u00e1rios clubes terminando a carreira com 37 anos, 57 internacionaliza\u00e7\u00f5es e 12 golos pela Sele\u00e7\u00e3o. \u201cAbra\u00e7ou\u201d depois a carreira de treinador.<\/p>\n<div class=\"tweetthis\" style=\"text-align:left;\"><p> <a target=\"_blank\" rel=\"nofollow\" class=\"tt\" href=\"http:\/\/twitter.com\/home\/?status=Negrete+%E2%80%93+%E2%80%9CEl+zurdo+de+oro%E2%80%9D+deixou+marcas+no+Alvalade+https%3A%2F%2Fis.gd%2FqJ1GN6\" title=\"Post to Twitter\"><img decoding=\"async\" class=\"nothumb\" src=\"http:\/\/www.sportingcanal.com\/wp-content\/plugins\/tweet-this\/icons\/en\/twitter\/tt-twitter6.png\" alt=\"Post to Twitter\" \/><\/a><\/p><\/div>","protected":false},"excerpt":{"rendered":"<p>Manuel Negrete \u00c1rias nasceu a 11 de Mar\u00e7o de 1959 em Altamirano \u2013 M\u00e9xico. Come\u00e7ou a sua carreira no Pumas e ganhou destaque por marcar golos de grande espet\u00e1culo. No Mundial do M\u00e9xico de 1986 fez um golo fant\u00e1stico que chamou a si os olhos de todo o mundo mas foi Jo\u00e3o Rocha quem o [&hellip;]<\/p>\n","protected":false},"author":1,"featured_media":3095,"comment_status":"open","ping_status":"open","sticky":false,"template":"","format":"standard","meta":{"_et_pb_use_builder":"","_et_pb_old_content":"","_et_gb_content_width":"","footnotes":""},"categories":[63],"tags":[8,64,243],"_links":{"self":[{"href":"https:\/\/www.sportingcanal.com\/index.php?rest_route=\/wp\/v2\/posts\/3094"}],"collection":[{"href":"https:\/\/www.sportingcanal.com\/index.php?rest_route=\/wp\/v2\/posts"}],"about":[{"href":"https:\/\/www.sportingcanal.com\/index.php?rest_route=\/wp\/v2\/types\/post"}],"author":[{"embeddable":true,"href":"https:\/\/www.sportingcanal.com\/index.php?rest_route=\/wp\/v2\/users\/1"}],"replies":[{"embeddable":true,"href":"https:\/\/www.sportingcanal.com\/index.php?rest_route=%2Fwp%2Fv2%2Fcomments&post=3094"}],"version-history":[{"count":26,"href":"https:\/\/www.sportingcanal.com\/index.php?rest_route=\/wp\/v2\/posts\/3094\/revisions"}],"predecessor-version":[{"id":39805,"href":"https:\/\/www.sportingcanal.com\/index.php?rest_route=\/wp\/v2\/posts\/3094\/revisions\/39805"}],"wp:featuredmedia":[{"embeddable":true,"href":"https:\/\/www.sportingcanal.com\/index.php?rest_route=\/wp\/v2\/media\/3095"}],"wp:attachment":[{"href":"https:\/\/www.sportingcanal.com\/index.php?rest_route=%2Fwp%2Fv2%2Fmedia&parent=3094"}],"wp:term":[{"taxonomy":"category","embeddable":true,"href":"https:\/\/www.sportingcanal.com\/index.php?rest_route=%2Fwp%2Fv2%2Fcategories&post=3094"},{"taxonomy":"post_tag","embeddable":true,"href":"https:\/\/www.sportingcanal.com\/index.php?rest_route=%2Fwp%2Fv2%2Ftags&post=3094"}],"curies":[{"name":"wp","href":"https:\/\/api.w.org\/{rel}","templated":true}]}}