{"id":31081,"date":"2025-12-29T08:30:16","date_gmt":"2025-12-29T07:30:16","guid":{"rendered":"http:\/\/www.sportingcanal.com\/?p=31081"},"modified":"2025-12-30T13:29:21","modified_gmt":"2025-12-30T12:29:21","slug":"futsal-sporting-7-sp-braga-1-conquistamos-a-taca-de-portugal","status":"publish","type":"post","link":"https:\/\/www.sportingcanal.com\/?p=31081","title":{"rendered":"2020 \u2013 8\u00aa Ta\u00e7a de Portugal em Futsal com goleada ao Braga!"},"content":{"rendered":"<p>29 de Dezembro de 2020. A equipa de Futsal do Sporting CP conquistou a sua 3\u00aa Ta\u00e7a de Portugal consecutiva (8\u00aa no total), referente ainda \u00e0 temporada 2019\/20 e que s\u00f3 se realizou agora (na Arena de Matosinhos) devido aos imprevistos causados pela COVID19.<\/p>\n<p>Depois de ter derrotado na meia-final dos Le\u00f5es de Porto Salvo por 5-1 (com golos de Cavinato3, Erick e Alex Merlim), os sportinguistas golearam na final o Sp. Braga por 7-1.<\/p>\n<p>A equipa: Guitta; Jo\u00e3o Matos, Erick Mendon\u00e7a, Pauleta e Alex Merlim. Os le\u00f5es contaram ainda com Gon\u00e7alo Portugal, Mamad\u00fa Ture, Diogo Santos, Diego Cavinato, Pany Varela, Zicky T\u00e9, Cardinal, Tayan da Silva e Rocha.<\/p>\n<p>Os le\u00f5es controlaram toda a partida, com o Braga a surgir de in\u00edcio fechado atr\u00e1s tentando o contra-ataque.<\/p>\n<p>Aos 6 minutos veio o 1\u00ba golo com Erick a recuperar a bola no meio-campo defensivo e a lan\u00e7ar o contra-ataque, combinando com Pauleta para este abrir o marcador. No minuto seguinte, numa jogada de insist\u00eancia, Pany Varela bateu Leandro Costa \u2013 que entrou alguns minutos para substituir Vitor Hugo, que necessitou de assist\u00eancia.<\/p>\n<p>Aos 11 minutos veio o 3-0 com o inevit\u00e1vel Cavinato a aparecer no s\u00edtio certo.<\/p>\n<p>O Braga subiu no terreno e obrigou o Sporting a cometer alguns erros mas, ainda assim, a gerir bem o jogo at\u00e9 ao intervalo.<\/p>\n<p>A 2\u00aa parte come\u00e7ou mais equilibrada. Os minhotos chegaram ao golo aos 25 minutos, de penalty, por Bruno Cintra.<\/p>\n<p>O Sporting respondeu de imediato, e Pauleta fez o 4-1 aos 32 minutos com um grande pontap\u00e9 desca\u00eddo na ala direita. Nessa altura Bruno Guimar\u00e3es lan\u00e7ou Bruno Cintra como guarda-redes avan\u00e7ado, mas foi o Sporting a marcar mais vezes \u2013 Erick aos 33, Cardinal aos 39 e Alex Merlim j\u00e1 no \u00faltimo minuto.<\/p>\n<p>No final o t\u00e9cnico Nuno Dias estava obviamente satisfeito: \u201dFoi uma 1\u00aa parte extraordin\u00e1ria da nossa parte. N\u00e3o me recordo de grande trabalho que o Guitta tenha tido. Acho que estivemos irrepreens\u00edveis em termos defensivos. O Braga apenas se aproximou mais quando n\u00f3s atingimos o limite das faltas e tivemos que, estrategicamente, recuar a nossa defesa. \u00a0A\u00ed houve mais iniciativa e mais bola do Braga, mas mesmo assim sem criar grandes perigo (\u2026) na 2\u00aa parte o Braga, com a qualidade que tem, reagiu bem e conseguiu criar-nos dificuldades e obrigar-nos a jogar mais baixo e a defender mais pr\u00f3ximo da nossa baliza, e conseguiu reduzir (\u2026) volt\u00e1mos a melhorar a nossa posse, a ser mais din\u00e2micos, a ser mais agressivos no sentido das nossas movimenta\u00e7\u00f5es chegarem mais pr\u00f3ximas da baliza e o resultado foi-se avolumando (\u2026) tivemos dois dias irrepreens\u00edveis (\u2026) o Sporting vence os dois jogos em que sofre um golo de livre de 10 metros e sofre um golo de grande penalidade, n\u00e3o sofreu mais nenhum golo em lance corrido, em lance de organiza\u00e7\u00e3o e isso deixa-me muito satisfeito (\u2026) jogadores como o Deo, como o Alex, como o L\u00e9o, tamb\u00e9m fizeram parte desta conquista e tamb\u00e9m est\u00e3o de parab\u00e9ns (\u2026) lidero um grupo extraordin\u00e1rio e uma equipa t\u00e9cnica fant\u00e1stica\u201d.<\/p>\n<div class=\"tweetthis\" style=\"text-align:left;\"><p> <a target=\"_blank\" rel=\"nofollow\" class=\"tt\" href=\"http:\/\/twitter.com\/home\/?status=2020+%E2%80%93+8%C2%AA+Ta%C3%A7a+de+Portugal+em+Futsal+com+goleada+ao+Braga%21+https%3A%2F%2Fis.gd%2F3VM0zM\" title=\"Post to Twitter\"><img decoding=\"async\" class=\"nothumb\" src=\"http:\/\/www.sportingcanal.com\/wp-content\/plugins\/tweet-this\/icons\/en\/twitter\/tt-twitter6.png\" alt=\"Post to Twitter\" \/><\/a><\/p><\/div>","protected":false},"excerpt":{"rendered":"<p>29 de Dezembro de 2020. A equipa de Futsal do Sporting CP conquistou a sua 3\u00aa Ta\u00e7a de Portugal consecutiva (8\u00aa no total), referente ainda \u00e0 temporada 2019\/20 e que s\u00f3 se realizou agora (na Arena de Matosinhos) devido aos imprevistos causados pela COVID19. Depois de ter derrotado na meia-final dos Le\u00f5es de Porto Salvo [&hellip;]<\/p>\n","protected":false},"author":1,"featured_media":31082,"comment_status":"open","ping_status":"closed","sticky":false,"template":"","format":"standard","meta":{"_et_pb_use_builder":"","_et_pb_old_content":"","_et_gb_content_width":"","footnotes":""},"categories":[17],"tags":[16,12],"_links":{"self":[{"href":"https:\/\/www.sportingcanal.com\/index.php?rest_route=\/wp\/v2\/posts\/31081"}],"collection":[{"href":"https:\/\/www.sportingcanal.com\/index.php?rest_route=\/wp\/v2\/posts"}],"about":[{"href":"https:\/\/www.sportingcanal.com\/index.php?rest_route=\/wp\/v2\/types\/post"}],"author":[{"embeddable":true,"href":"https:\/\/www.sportingcanal.com\/index.php?rest_route=\/wp\/v2\/users\/1"}],"replies":[{"embeddable":true,"href":"https:\/\/www.sportingcanal.com\/index.php?rest_route=%2Fwp%2Fv2%2Fcomments&post=31081"}],"version-history":[{"count":9,"href":"https:\/\/www.sportingcanal.com\/index.php?rest_route=\/wp\/v2\/posts\/31081\/revisions"}],"predecessor-version":[{"id":39422,"href":"https:\/\/www.sportingcanal.com\/index.php?rest_route=\/wp\/v2\/posts\/31081\/revisions\/39422"}],"wp:featuredmedia":[{"embeddable":true,"href":"https:\/\/www.sportingcanal.com\/index.php?rest_route=\/wp\/v2\/media\/31082"}],"wp:attachment":[{"href":"https:\/\/www.sportingcanal.com\/index.php?rest_route=%2Fwp%2Fv2%2Fmedia&parent=31081"}],"wp:term":[{"taxonomy":"category","embeddable":true,"href":"https:\/\/www.sportingcanal.com\/index.php?rest_route=%2Fwp%2Fv2%2Fcategories&post=31081"},{"taxonomy":"post_tag","embeddable":true,"href":"https:\/\/www.sportingcanal.com\/index.php?rest_route=%2Fwp%2Fv2%2Ftags&post=31081"}],"curies":[{"name":"wp","href":"https:\/\/api.w.org\/{rel}","templated":true}]}}