{"id":31253,"date":"2025-09-08T09:00:54","date_gmt":"2025-09-08T08:00:54","guid":{"rendered":"http:\/\/www.sportingcanal.com\/?p=31253"},"modified":"2025-09-08T18:12:20","modified_gmt":"2025-09-08T17:12:20","slug":"bruno-fernandes-a-maquina","status":"publish","type":"post","link":"https:\/\/www.sportingcanal.com\/?p=31253","title":{"rendered":"Bruno Fernandes \u2013 A m\u00e1quina!"},"content":{"rendered":"<p>Bruno Miguel Borges Fernandes nasceu a 8 de Setembro de 1994 na Maia. Come\u00e7ou nas escolas do Infesta onde foi recrutado pelo Boavista quando tinha 10 anos. Fez quase toda a forma\u00e7\u00e3o nos axadrezados com empr\u00e9stimos ao Pasteleira.<\/p>\n<p>Era ainda j\u00fanior quando um empres\u00e1rio veio ao Bessa observar algu\u00e9m que interessava ao AC Milan, mas foi ele que \u201cconvenceu\u201d, passando para o Novara (s\u00e9rie B) na temporada seguinte por 40.000\u20ac. Foi ent\u00e3o integrado na equipa de sub-20, mas muito rapidamente subiu \u00e0 equipa principal, adaptando-se muito depressa, e sendo por isso contratado logo no final dessa temporada pela Udinese por 2,5 milh\u00f5es de euros.<\/p>\n<p>Entretanto tornou-se presen\u00e7a ass\u00eddua nas sele\u00e7\u00f5es jovens portuguesas, esteve bem nos Jogos Ol\u00edmpicos de 2016 e transitou para a Sampdoria onde desde logo \u201cvingou\u201d, chegando entretanto a capit\u00e3o da sele\u00e7\u00e3o nacional de sub-21.<\/p>\n<p>Em Junho de 2017 chegou ao Sporting (onde era visto por muitos como um bom sucessor de Adrien \u2013 que estava de sa\u00edda) por 8,5 milh\u00f5es de Euros e uma cl\u00e1sula de rescis\u00e3o de 100 milh\u00f5es de euros (a mais alta de sempre do nosso clube).<\/p>\n<p>Estreou-se oficialmente (com o treinador Jorge Jesus) a 6 de Agosto de 2017 numa desloca\u00e7\u00e3o \u00e0 Vila das Aves (2-0) para a 1\u00aa jornada do Campeonato. A 19 de mesmo m\u00eas marcou pela 1\u00aa vez oficialmente (j\u00e1 tinha marcado na pr\u00e9-temporada num triunfo no Alvalade perante o Monaco por 2-1), em Guimar\u00e3es (bisou), num triunfo por 5-0.<\/p>\n<p>A 10 de Novembro estreou-se pela Sele\u00e7\u00e3o A (orientada por Fernando Santos).<\/p>\n<p>Em Janeiro fez obviamente parte da equipa que conquistou a Ta\u00e7a da Liga (a 1\u00aa para o Sporting) numa temporada em que, coletivamente, as coisas n\u00e3o correram nada bem, e que terminou com a inenarr\u00e1vel invas\u00e3o \u00e0 Academia por parte de supostos adeptos do clube (com agress\u00f5es a v\u00e1rios jogadores) e a inesperada derrota na final da Ta\u00e7a de Portugal perante o Desportivo das Aves!&#8230;<\/p>\n<p>Nessa 1\u00aa temporada de verde e branco somou 56 presen\u00e7as (o 2\u00ba mais utilizado a par de Rui Patr\u00edcio e apenas superados por Battaglia) e marcou 16 golos (o 2\u00ba mais concretizador, atr\u00e1s de Bas Dost).<\/p>\n<p>Na sua 2\u00aa temporada (2018\/19) esteve tremendo. Realizou 53 jogos, marcou 33 golos (recorde europeu para um centrocampista) e fez 18 assist\u00eancias (o mais utilizado e maior goleador). Ganhou a Ta\u00e7a da Liga (onde foi um dos protagonistas) e a Ta\u00e7a de Portugal (eliminou praticamente \u201csozinho\u201d o Benfica nas meias-finais com um gola\u00e7o de livre na Luz e o golo decisivo \u2013 fant\u00e1stico \u2013 no Alvalade, e marcou na final frente ao Porto &#8211; empate 2-2 e triunfo nos penaltis). Ambos os triunfos foram conquistados sob a orienta\u00e7\u00e3o de Marcel Kaiser, um t\u00e9cnico holand\u00eas que o colocou a jogar mais com \u201cos olhos nas balizas advers\u00e1rias\u201d porque se apercebeu da sua grande capacidade concretizadora.<\/p>\n<p>Nesta temporada passou a capit\u00e3o de equipa (ap\u00f3s a sa\u00edda de Nani em Janeiro), foi considerado pela Liga (tal como no ano anterior) o melhor jogador do Campeonato, ganhou o pr\u00e9mio Stromp (tamb\u00e9m bisou, acumulando com a conquista do ano anterior) e o pr\u00e9mio Le\u00e3o Honoris Sporting!<\/p>\n<p>Parecia imposs\u00edvel segurar Bruno Fernandes no Alvalade, mas no in\u00edcio de 2019\/20 ainda fazia parte da nossa equipa. Esta foi uma temporada que come\u00e7ou mal e que assim se manteve. Entretanto Bruno Fernandes continuava a \u201clevar a equipa as costas\u201d at\u00e9 ao jogo da sua despedida, a 27 de Janeiro de 2020 numa rece\u00e7\u00e3o ao Mar\u00edtimo (1-0). O \u00faltimo golo tinha sido a 11 do mesmo m\u00eas num Vit\u00f3ria de Set\u00fabal-Sporting (triunfo por 3-1 \u2013 bisou).<\/p>\n<p>Neste \u00faltima \u00e9poca somou 28 jogos e 15 golos. Apesar de ter sa\u00eddo em Janeiro para o Manchester United por 55 milh\u00f5es de euros (mais cerca de 25 milh\u00f5es por objetivos) foi por larga margem o melhor marcador da equipa na temporada (!) e ficou \u201cbarato\u201d para os ingleses, pois assim que chegou revolucionou o futebol da sua equipa, que passou de uma fase verdadeiramente \u201cnegra\u201d para ser outra vez um conjunto tem\u00edvel gra\u00e7as \u00e0 grande transforma\u00e7\u00e3o que o m\u00e9dio portugu\u00eas originou.<\/p>\n<p>Da\u00ed para a frente passou a ser a grande refer\u00eancia dos \u201cred devils\u201d e um jogador reconhecido internacionalmente como um dos melhores do mundo.<\/p>\n<p>Voltando um pouco atr\u00e1s, Bruno Fernandes somou 3 temporadas, 137 jogos oficiais e 64 golos de verde e branco. Ganhou 2 Ta\u00e7as da Liga e 1 Ta\u00e7a de Portugal (\u00e9 quase um \u201ccrime\u201d como um jogador destes n\u00e3o foi campe\u00e3o com as nossas cores\u2026)<\/p>\n<p>\u00c9 considerado por muitos o melhor futebolista do Sporting p\u00f3s-5 violinos pois acumulou um conjunto de qualidades enquanto nosso futebolista quase imposs\u00edvel de igualar. N\u00e3o era s\u00f3 classe e talento (tinha ambos a rodos), era lideran\u00e7a, atitude, consci\u00eancia t\u00e1tica e energia inesgot\u00e1vel.<\/p>\n<p>Outros n\u00fameros de Bruno Fernandes no Sporting:<\/p>\n<p>&#8211; 2\u00ba melhor m\u00e9dio goleador de sempre (com 64 golos em 3 \u00e9pocas) \u2013 apenas superado por Travassos (124 golos em 11 \u00e9pocas)<\/p>\n<p>&#8211; 25\u00ba melhor marcador de sempre do clube, mas o melhor em 3 temporadas (seguido por Acosta e Paulinho Cascavel \u2013 ambos com 48 golos).<\/p>\n<div class=\"tweetthis\" style=\"text-align:left;\"><p> <a target=\"_blank\" rel=\"nofollow\" class=\"tt\" href=\"http:\/\/twitter.com\/home\/?status=Bruno+Fernandes+%E2%80%93+A+m%C3%A1quina%21+https%3A%2F%2Fis.gd%2FN3rxtr\" title=\"Post to Twitter\"><img decoding=\"async\" class=\"nothumb\" src=\"http:\/\/www.sportingcanal.com\/wp-content\/plugins\/tweet-this\/icons\/en\/twitter\/tt-twitter6.png\" alt=\"Post to Twitter\" \/><\/a><\/p><\/div>","protected":false},"excerpt":{"rendered":"<p>Bruno Miguel Borges Fernandes nasceu a 8 de Setembro de 1994 na Maia. Come\u00e7ou nas escolas do Infesta onde foi recrutado pelo Boavista quando tinha 10 anos. Fez quase toda a forma\u00e7\u00e3o nos axadrezados com empr\u00e9stimos ao Pasteleira. Era ainda j\u00fanior quando um empres\u00e1rio veio ao Bessa observar algu\u00e9m que interessava ao AC Milan, mas [&hellip;]<\/p>\n","protected":false},"author":1,"featured_media":38732,"comment_status":"open","ping_status":"closed","sticky":false,"template":"","format":"standard","meta":{"_et_pb_use_builder":"","_et_pb_old_content":"","_et_gb_content_width":"","footnotes":""},"categories":[63],"tags":[8,64],"_links":{"self":[{"href":"https:\/\/www.sportingcanal.com\/index.php?rest_route=\/wp\/v2\/posts\/31253"}],"collection":[{"href":"https:\/\/www.sportingcanal.com\/index.php?rest_route=\/wp\/v2\/posts"}],"about":[{"href":"https:\/\/www.sportingcanal.com\/index.php?rest_route=\/wp\/v2\/types\/post"}],"author":[{"embeddable":true,"href":"https:\/\/www.sportingcanal.com\/index.php?rest_route=\/wp\/v2\/users\/1"}],"replies":[{"embeddable":true,"href":"https:\/\/www.sportingcanal.com\/index.php?rest_route=%2Fwp%2Fv2%2Fcomments&post=31253"}],"version-history":[{"count":8,"href":"https:\/\/www.sportingcanal.com\/index.php?rest_route=\/wp\/v2\/posts\/31253\/revisions"}],"predecessor-version":[{"id":38733,"href":"https:\/\/www.sportingcanal.com\/index.php?rest_route=\/wp\/v2\/posts\/31253\/revisions\/38733"}],"wp:featuredmedia":[{"embeddable":true,"href":"https:\/\/www.sportingcanal.com\/index.php?rest_route=\/wp\/v2\/media\/38732"}],"wp:attachment":[{"href":"https:\/\/www.sportingcanal.com\/index.php?rest_route=%2Fwp%2Fv2%2Fmedia&parent=31253"}],"wp:term":[{"taxonomy":"category","embeddable":true,"href":"https:\/\/www.sportingcanal.com\/index.php?rest_route=%2Fwp%2Fv2%2Fcategories&post=31253"},{"taxonomy":"post_tag","embeddable":true,"href":"https:\/\/www.sportingcanal.com\/index.php?rest_route=%2Fwp%2Fv2%2Ftags&post=31253"}],"curies":[{"name":"wp","href":"https:\/\/api.w.org\/{rel}","templated":true}]}}