{"id":31255,"date":"2025-10-29T08:30:51","date_gmt":"2025-10-29T07:30:51","guid":{"rendered":"http:\/\/www.sportingcanal.com\/?p=31255"},"modified":"2025-10-30T17:29:46","modified_gmt":"2025-10-30T16:29:46","slug":"mathieu-le-monsieur","status":"publish","type":"post","link":"https:\/\/www.sportingcanal.com\/?p=31255","title":{"rendered":"Mathieu \u2013 \u201cLe monsieur\u201d"},"content":{"rendered":"<p>J\u00e9r\u00e9my Mathieu nasceu a 29 de Outubro de 1983. Come\u00e7ou a jogar futebol no Saint-Sauveur e depois no Froisdeconche. Com 13 anos foi para o FC Sochaux, estreando-se pela equipa principal com 18, e assumindo de pronto a titularidade! Passou depois pelo Toulouse (4 \u00e9pocas), Val\u00eancia (onde o treinador Ernesto Valverde o transformou num excelente defesa central &#8211; at\u00e9 a\u00ed era habitualmente lateral esquerdo) e FC Barcelona (onde integrou uma equipa que conseguiu entre 2014 e 2015 ganhar consecutivamente o Campeonato de Espanha, a Ta\u00e7a do Rei, a Liga dos Campe\u00f5es, a Superta\u00e7a Europeia e o Mundial de Clubes, falhando apenas a Superta\u00e7a de Espanha, uma competi\u00e7\u00e3o que viria a vencer em 2016, depois de j\u00e1 ter ganho mais um Campeonato e uma Ta\u00e7a do Rei, prova que venceria pela 3\u00aa vez consecutiva em 2017).<\/p>\n<p>No in\u00edcio de Julho de 2017 foi autorizado a treinar durante as f\u00e9rias com o Sporting e poucos dias depois assinou um contrato de 2 \u00e9pocas por cerca de 4 milh\u00f5es de euros com uma cl\u00e1usula de rescis\u00e3o de 60 milh\u00f5es.<\/p>\n<p>Estreou-se oficialmente a 6 de Agosto (a par de Piccini, F\u00e1bio Coentr\u00e3o, Bruno Fernandes, Acu\u00f1a e Battaglia), com o treinador Jorge Jesus, numa desloca\u00e7\u00e3o \u00e0 Vila das Aves a contar para a 1\u00aa jornada do Campeonato Nacional (triunfo por 2-0). Fez o 1\u00ba golo a 16 de Setembro, no Alvalade, frente ao Tondela (2-0).<\/p>\n<p>Apesar de ter estado em bom n\u00edvel em termos individuais, a equipa n\u00e3o funcionou (ainda que o plantel fosse muito rico e com grandes nomes). Triunfou apenas na Ta\u00e7a da Liga (nos penaltis, perante o Vit\u00f3ria de Set\u00fabal \u2013 onde foi um dos melhores da equipa) e perdeu a final da Ta\u00e7a de Portugal frente ao Desportivo das Aves, dias depois da t\u00e3o propalada \u201cinvas\u00e3o a Alcochete\u201d, ap\u00f3s a qual foi dos mais discretos e n\u00e3o avan\u00e7ou para a rescis\u00e3o do contrato, como muitos outros. Nessa 1\u00aa temporada somou 48 presen\u00e7as oficiais e 3 golos.<\/p>\n<p>Na temporada seguinte (2018\/19), as coisas come\u00e7aram em turbilh\u00e3o, com uma Comiss\u00e3o Administrativa liderada por Sousa Cintra a tentar recuperar alguns dos jogadores que tinham rescindido. No comando t\u00e9cnico, Jos\u00e9 Peseiro n\u00e3o teve sucesso, Tiago Fernandes esteve apenas transitoriamente e o holand\u00eas Marcel Keizer (uma contrata\u00e7\u00e3o surpresa do entretanto indigitado novo presidente \u2013 Frederico Varandas) tomou conta da equipa em finais de Novembro com resultados imediatos. Para surpresa de muitos, o Sporting conquistou a Ta\u00e7a da Liga e a Ta\u00e7a de Portugal, derrotando em ambas as ocasi\u00f5es o FC Porto, de S\u00e9rgio Concei\u00e7\u00e3o, nos penaltis. Entretanto, no Campeonato, e tal como na \u00e9poca anterior, n\u00e3o se conseguiu melhor que o 3\u00ba lugar. Com uma dupla consolidada ao lado de Coates no centro da defesa, o central franc\u00eas realizou 33 jogos oficiais e marcou 3 golos.<\/p>\n<p>Finalmente, em 2019\/20 (uma \u00e9poca estranha, interrompida entre Mar\u00e7o e Junho devido \u00e0 COVID-19), Mathieu, j\u00e1 com 36 anos, esteve a um n\u00edvel alt\u00edssimo (apesar da irregularidade da equipa) a ponto de, por exemplo, Bruno Fernandes ter dito que o franc\u00eas era o melhor defesa-central com quem alguma vez tinha jogado.<\/p>\n<p>Uma les\u00e3o grave no joelho num treino perto do final da temporada (na qual somou 25 jogos oficiais e 3 golos) p\u00f4s-lhe fim \u00e0 carreira (o franc\u00eas optou por n\u00e3o passar por um longo processo de recupera\u00e7\u00e3o), numa altura em que as coisas estavam mais ou menos alinhavadas para que continuasse a jogar mais 1 ano\u2026<\/p>\n<p>Marcou pela \u00faltima vez a 9 fevereiro (2-1 ao Portimonense no Alvalade) e fez o jogo derradeiro a 18 de Junho, tamb\u00e9m no Alvalade, perante o Tondela (2-0 \u2013 j\u00e1 com o treinador R\u00faben Amorim).<\/p>\n<p>Totalizou assim 3 temporadas, 106 jogos oficiais e 9 golos na equipa leonina. Ganhou 1 Ta\u00e7a de Portugal e 2 Ta\u00e7as da Liga.<\/p>\n<p>Deixou a imagem de um defesa-central inteligente, com \u00f3tima capacidade de desarme, que sabia sair a jogar como ningu\u00e9m e que marcava livres-diretos com mestria. Em suma, um dos melhores de sempre na sua posi\u00e7\u00e3o com a camisola verde e branca, com a qual se tornou um \u00eddolo para muitos!<\/p>\n<p>Tempos depois de se ter retirado, afirmou: &#8220;eu preciso de um pouco de afeto. No Sporting tive-o, no Barcelona, nem uma palavra&#8221;. Marcantes foram tamb\u00e9m as suas declara\u00e7\u00f5es (sobretudo para quem ganhou tudo o que ganhou com o Barcelona) quando referiu que o momento mais marcante da sua carreira foi a conquista da Ta\u00e7a de Portugal em 2019 (onde, nos festejos, apareceu a chorar como que libertando uma enorme tens\u00e3o acumulada com um grande objetivo cumprido).<\/p>\n<p>Foi 5 vezes internacional A por Fran\u00e7a.<\/p>\n<div class=\"tweetthis\" style=\"text-align:left;\"><p> <a target=\"_blank\" rel=\"nofollow\" class=\"tt\" href=\"http:\/\/twitter.com\/home\/?status=Mathieu+%E2%80%93+%E2%80%9CLe+monsieur%E2%80%9D+https%3A%2F%2Fis.gd%2Fa29hLd\" title=\"Post to Twitter\"><img decoding=\"async\" class=\"nothumb\" src=\"http:\/\/www.sportingcanal.com\/wp-content\/plugins\/tweet-this\/icons\/en\/twitter\/tt-twitter6.png\" alt=\"Post to Twitter\" \/><\/a><\/p><\/div>","protected":false},"excerpt":{"rendered":"<p>J\u00e9r\u00e9my Mathieu nasceu a 29 de Outubro de 1983. Come\u00e7ou a jogar futebol no Saint-Sauveur e depois no Froisdeconche. Com 13 anos foi para o FC Sochaux, estreando-se pela equipa principal com 18, e assumindo de pronto a titularidade! Passou depois pelo Toulouse (4 \u00e9pocas), Val\u00eancia (onde o treinador Ernesto Valverde o transformou num excelente [&hellip;]<\/p>\n","protected":false},"author":1,"featured_media":39188,"comment_status":"open","ping_status":"closed","sticky":false,"template":"","format":"standard","meta":{"_et_pb_use_builder":"","_et_pb_old_content":"","_et_gb_content_width":"","footnotes":""},"categories":[63],"tags":[65,8],"_links":{"self":[{"href":"https:\/\/www.sportingcanal.com\/index.php?rest_route=\/wp\/v2\/posts\/31255"}],"collection":[{"href":"https:\/\/www.sportingcanal.com\/index.php?rest_route=\/wp\/v2\/posts"}],"about":[{"href":"https:\/\/www.sportingcanal.com\/index.php?rest_route=\/wp\/v2\/types\/post"}],"author":[{"embeddable":true,"href":"https:\/\/www.sportingcanal.com\/index.php?rest_route=\/wp\/v2\/users\/1"}],"replies":[{"embeddable":true,"href":"https:\/\/www.sportingcanal.com\/index.php?rest_route=%2Fwp%2Fv2%2Fcomments&post=31255"}],"version-history":[{"count":6,"href":"https:\/\/www.sportingcanal.com\/index.php?rest_route=\/wp\/v2\/posts\/31255\/revisions"}],"predecessor-version":[{"id":39186,"href":"https:\/\/www.sportingcanal.com\/index.php?rest_route=\/wp\/v2\/posts\/31255\/revisions\/39186"}],"wp:featuredmedia":[{"embeddable":true,"href":"https:\/\/www.sportingcanal.com\/index.php?rest_route=\/wp\/v2\/media\/39188"}],"wp:attachment":[{"href":"https:\/\/www.sportingcanal.com\/index.php?rest_route=%2Fwp%2Fv2%2Fmedia&parent=31255"}],"wp:term":[{"taxonomy":"category","embeddable":true,"href":"https:\/\/www.sportingcanal.com\/index.php?rest_route=%2Fwp%2Fv2%2Fcategories&post=31255"},{"taxonomy":"post_tag","embeddable":true,"href":"https:\/\/www.sportingcanal.com\/index.php?rest_route=%2Fwp%2Fv2%2Ftags&post=31255"}],"curies":[{"name":"wp","href":"https:\/\/api.w.org\/{rel}","templated":true}]}}