{"id":3176,"date":"2026-03-13T08:00:35","date_gmt":"2026-03-13T07:00:35","guid":{"rendered":"http:\/\/www.sportingcanal.com\/?p=3176"},"modified":"2026-03-14T14:23:46","modified_gmt":"2026-03-14T13:23:46","slug":"manuel-dias-o-campeao-franzino-apaixonado-pelo-jornalismo","status":"publish","type":"post","link":"https:\/\/www.sportingcanal.com\/?p=3176","title":{"rendered":"Manuel Dias \u2013 O campe\u00e3o franzino apaixonado pelo jornalismo"},"content":{"rendered":"<p>Nasceu a 13 de Mar\u00e7o de 1904 em Lisboa, tendo come\u00e7ado muito novo a atividade de vendedor de jornais. Iniciou-se no GD Vendedor de Jornais e ingressou depois no Vendedor de Jornais FC onde nem sempre o deixaram correr por ser muito franzino. Afrontado, decidiu fundar ele pr\u00f3prio um clube &#8211; o Sport Picheleira Atl\u00e9tico Clube, na companhia de alguns amigos.<\/p>\n<p>Come\u00e7ou ent\u00e3o a distinguir-se e foi convidado para ingressar no Sporting. Assim fez, mas surpreendentemente n\u00e3o marcou presen\u00e7a em diversas provas apesar de nelas estar inscrito pelos le\u00f5es. A 1 de Agosto de 1926 disputava-se uma competi\u00e7\u00e3o em que o pr\u00e9mio de vit\u00f3ria era uma medalha de ouro, mas o Picheleira recusou a sua inscri\u00e7\u00e3o. Consternado, dirigiu-se ao Est\u00e1dio do Lumiar onde se disputavam os campeonatos nacionais e onde, como sempre, o Sporting o inscrevera. Alinhou nos 5.000 metros ao lado de grandes campe\u00f5es, e ignorado no meio de toda aquela gente famosa ganhou a prova conquistando o seu 1\u00ba grande triunfo, com 16m29,4s. No ano seguinte estreou-se a ganhar no Regional de Crosse tendo recebido a seguinte aprecia\u00e7\u00e3o do jornal \u201cOs Sports\u201d: \u201cO seu estilo \u00e9 mau, com um movimento de bra\u00e7os muito largo que lhe causa fadiga, assim como um exagerado balou\u00e7ar de ombros. No entanto \u00e9 extremamente r\u00e1pido, o nosso melhor corredor de meio-fundo na atualidade. Precisa de preparar melhor o f\u00edsico porque \u00e9 muito fr\u00e1gil.\u201d No final dessa \u00e9poca j\u00e1 era detentor do recorde nacional dos 3.000 metros com 9m16,8s, e o meio-fundo come\u00e7ou a ser notoriamente dominado por si.<\/p>\n<p>Em 1928 venceu pela 1\u00aa vez o Nacional de Crosse, feito que viria a repetir, ao servi\u00e7o do Sporting, em 1930 e 1931, tornando-se o 1\u00ba atleta portugu\u00eas a conseguir vencer por 3 vezes a competi\u00e7\u00e3o. Em Julho de 1929 bateu o m\u00e1ximo nacional dos 5.000 metros nos Campeonatos Regionais com 15m29,4s. Nesse mesmo ano atingiu os recordes de Portugal dos 2.000 (6m01s) e dos 3.000 metros (9m06,6s). Nos Campeonatos Nacionais, disputados no Porto em Setembro de 1930, obteve os recordes nacionais dos 2.000, 3.000, 4.000 e 5.000 metros, aqui com 15m25,8s, e no final da temporada j\u00e1 era o 2\u00ba atleta da Hist\u00f3ria do Sporting com mais t\u00edtulos nacionais (8).<\/p>\n<p>Surpreendentemente, a sua \u00faltima \u00e9poca de verde e branco seria a de 1931, na qual continuou a ganhar tudo o que havia para ganhar. O problema \u00e9 que a dada altura da temporada foi alvo de uma repreens\u00e3o registada \u201cpor ter tomado parte numa prova contra as instru\u00e7\u00f5es dadas pela Dire\u00e7\u00e3o\u201d, e que sofreria maior agravo: \u201cSuspens\u00e3o at\u00e9 \u00e0 1\u00aa Assembleia Geral por se ter negado a entregar a Ta\u00e7a M\u00e1rio Duarte que ganhara na Anadia, representando o clube, e que s\u00f3 entregou por interm\u00e9dio da pol\u00edcia!\u201d<\/p>\n<p>No final da \u00e9poca Manuel Dias foi para o Benfica levado por alguns amigos, mas ficou como sendo uma dos maiores atletas de sempre do Sporting (que ainda o tentou, em v\u00e3o, recuperar). No seu curr\u00edculo contam-se 2 Campeonatos Nacionais de 1.500 metros, 4 de 5.000 metros, 1 Campeonato Nacional da L\u00e9gua e 3 Campeonatos Nacionais de Crosse. Para al\u00e9m disso foi ainda um razo\u00e1vel ciclista, modalidade em que se fez mais notado no Sporting em 1929, com algumas boas classifica\u00e7\u00f5es em diversas provas.<\/p>\n<p>Ap\u00f3s a sua sa\u00edda do Sporting continuou por alguns anos na ribalta, destacando-se um 2\u00ba lugar na Maratona de Londres e uma honrosa participa\u00e7\u00e3o nos Jogos Ol\u00edmpicos de Berlim em 1936.<\/p>\n<p>Em 1949 foi contemplado com um pr\u00e9mio de 40 contos da Lotaria Nacional e teve a ideia de fundar um jornal desportivo. Da\u00ed nasceu o \u201cRecord\u201d.<\/p>\n<div class=\"tweetthis\" style=\"text-align:left;\"><p> <a target=\"_blank\" rel=\"nofollow\" class=\"tt\" href=\"http:\/\/twitter.com\/home\/?status=Manuel+Dias+%E2%80%93+O+campe%C3%A3o+franzino+apaixonado+pelo+jornalismo+https%3A%2F%2Fis.gd%2FWAhg2N\" title=\"Post to Twitter\"><img decoding=\"async\" class=\"nothumb\" src=\"http:\/\/www.sportingcanal.com\/wp-content\/plugins\/tweet-this\/icons\/en\/twitter\/tt-twitter6.png\" alt=\"Post to Twitter\" \/><\/a><\/p><\/div>","protected":false},"excerpt":{"rendered":"<p>Nasceu a 13 de Mar\u00e7o de 1904 em Lisboa, tendo come\u00e7ado muito novo a atividade de vendedor de jornais. Iniciou-se no GD Vendedor de Jornais e ingressou depois no Vendedor de Jornais FC onde nem sempre o deixaram correr por ser muito franzino. Afrontado, decidiu fundar ele pr\u00f3prio um clube &#8211; o Sport Picheleira Atl\u00e9tico [&hellip;]<\/p>\n","protected":false},"author":1,"featured_media":3177,"comment_status":"open","ping_status":"open","sticky":false,"template":"","format":"standard","meta":{"_et_pb_use_builder":"","_et_pb_old_content":"","_et_gb_content_width":"","footnotes":""},"categories":[63],"tags":[21,29,48],"_links":{"self":[{"href":"https:\/\/www.sportingcanal.com\/index.php?rest_route=\/wp\/v2\/posts\/3176"}],"collection":[{"href":"https:\/\/www.sportingcanal.com\/index.php?rest_route=\/wp\/v2\/posts"}],"about":[{"href":"https:\/\/www.sportingcanal.com\/index.php?rest_route=\/wp\/v2\/types\/post"}],"author":[{"embeddable":true,"href":"https:\/\/www.sportingcanal.com\/index.php?rest_route=\/wp\/v2\/users\/1"}],"replies":[{"embeddable":true,"href":"https:\/\/www.sportingcanal.com\/index.php?rest_route=%2Fwp%2Fv2%2Fcomments&post=3176"}],"version-history":[{"count":21,"href":"https:\/\/www.sportingcanal.com\/index.php?rest_route=\/wp\/v2\/posts\/3176\/revisions"}],"predecessor-version":[{"id":39822,"href":"https:\/\/www.sportingcanal.com\/index.php?rest_route=\/wp\/v2\/posts\/3176\/revisions\/39822"}],"wp:featuredmedia":[{"embeddable":true,"href":"https:\/\/www.sportingcanal.com\/index.php?rest_route=\/wp\/v2\/media\/3177"}],"wp:attachment":[{"href":"https:\/\/www.sportingcanal.com\/index.php?rest_route=%2Fwp%2Fv2%2Fmedia&parent=3176"}],"wp:term":[{"taxonomy":"category","embeddable":true,"href":"https:\/\/www.sportingcanal.com\/index.php?rest_route=%2Fwp%2Fv2%2Fcategories&post=3176"},{"taxonomy":"post_tag","embeddable":true,"href":"https:\/\/www.sportingcanal.com\/index.php?rest_route=%2Fwp%2Fv2%2Ftags&post=3176"}],"curies":[{"name":"wp","href":"https:\/\/api.w.org\/{rel}","templated":true}]}}