{"id":3181,"date":"2026-03-13T09:00:29","date_gmt":"2026-03-13T08:00:29","guid":{"rendered":"http:\/\/www.sportingcanal.com\/?p=3181"},"modified":"2026-03-14T14:23:14","modified_gmt":"2026-03-14T13:23:14","slug":"triunfo-nas-amoreiras-com-abelhinha-em-foco","status":"publish","type":"post","link":"https:\/\/www.sportingcanal.com\/?p=3181","title":{"rendered":"1932 &#8211; Triunfo nas Amoreiras com Abelhinha em foco"},"content":{"rendered":"<p>13 de Mar\u00e7o de 1932. Nas Amoreiras (\u201ccasa\u201d do Benfica) o Sporting procurava defender o 1\u00ba lugar na 1\u00aa fase do Campeonato Regional.\u00a0Orientados pelo brit\u00e2nico Arthur John, os le\u00f5es alinharam com: Dyson; Jurado e Martinho de Oliveira; Carlos Rodrigues, Varela e Ant\u00f3nio Faustino; Eduardo Mourinha, Valadas, Lu\u00eds Gomes, Abelhinha e Mour\u00e3o.<\/p>\n<p>A partida foi disputad\u00edssima mas os le\u00f5es mostraram sempre maior seguran\u00e7a defensiva e capacidade para criar perigo. Quase em cima do intervalo Valadas fez o 1\u00ba golo para os sportinguistas e mais se acentuou a ideia de que seriam os verde e brancos a levar a melhor nessa tarde. Logo nos primeiros minutos do 2\u00ba tempo Abelhinha (na foto &#8211; arquivo) aumentou a contagem e nem o golo de Oct\u00e1vio, aos 68 minutos, obstou a que a equipa de Arthur John sa\u00edsse com uma vit\u00f3ria natural em face daquilo que se passou em campo.<\/p>\n<p>No final, triunfo do Sporting por 2-1 e manuten\u00e7\u00e3o da lideran\u00e7a num Campeonato Regional com um regulamento in\u00e9dito de duas fases e onde o Sporting chegou \u00e0 final, onde viria a ser batido pelo Belenenses.<\/p>\n<div class=\"tweetthis\" style=\"text-align:left;\"><p> <a target=\"_blank\" rel=\"nofollow\" class=\"tt\" href=\"http:\/\/twitter.com\/home\/?status=1932+%E2%80%93+Triunfo+nas+Amoreiras+com+Abelhinha+em+foco+https%3A%2F%2Fis.gd%2F2RtVkj\" title=\"Post to Twitter\"><img decoding=\"async\" class=\"nothumb\" src=\"http:\/\/www.sportingcanal.com\/wp-content\/plugins\/tweet-this\/icons\/en\/twitter\/tt-twitter6.png\" alt=\"Post to Twitter\" \/><\/a><\/p><\/div>","protected":false},"excerpt":{"rendered":"<p>13 de Mar\u00e7o de 1932. Nas Amoreiras (\u201ccasa\u201d do Benfica) o Sporting procurava defender o 1\u00ba lugar na 1\u00aa fase do Campeonato Regional.\u00a0Orientados pelo brit\u00e2nico Arthur John, os le\u00f5es alinharam com: Dyson; Jurado e Martinho de Oliveira; Carlos Rodrigues, Varela e Ant\u00f3nio Faustino; Eduardo Mourinha, Valadas, Lu\u00eds Gomes, Abelhinha e Mour\u00e3o. A partida foi disputad\u00edssima [&hellip;]<\/p>\n","protected":false},"author":1,"featured_media":3182,"comment_status":"open","ping_status":"open","sticky":false,"template":"","format":"standard","meta":{"_et_pb_use_builder":"","_et_pb_old_content":"","_et_gb_content_width":"","footnotes":""},"categories":[4],"tags":[247,28,8,69],"_links":{"self":[{"href":"https:\/\/www.sportingcanal.com\/index.php?rest_route=\/wp\/v2\/posts\/3181"}],"collection":[{"href":"https:\/\/www.sportingcanal.com\/index.php?rest_route=\/wp\/v2\/posts"}],"about":[{"href":"https:\/\/www.sportingcanal.com\/index.php?rest_route=\/wp\/v2\/types\/post"}],"author":[{"embeddable":true,"href":"https:\/\/www.sportingcanal.com\/index.php?rest_route=\/wp\/v2\/users\/1"}],"replies":[{"embeddable":true,"href":"https:\/\/www.sportingcanal.com\/index.php?rest_route=%2Fwp%2Fv2%2Fcomments&post=3181"}],"version-history":[{"count":21,"href":"https:\/\/www.sportingcanal.com\/index.php?rest_route=\/wp\/v2\/posts\/3181\/revisions"}],"predecessor-version":[{"id":39820,"href":"https:\/\/www.sportingcanal.com\/index.php?rest_route=\/wp\/v2\/posts\/3181\/revisions\/39820"}],"wp:featuredmedia":[{"embeddable":true,"href":"https:\/\/www.sportingcanal.com\/index.php?rest_route=\/wp\/v2\/media\/3182"}],"wp:attachment":[{"href":"https:\/\/www.sportingcanal.com\/index.php?rest_route=%2Fwp%2Fv2%2Fmedia&parent=3181"}],"wp:term":[{"taxonomy":"category","embeddable":true,"href":"https:\/\/www.sportingcanal.com\/index.php?rest_route=%2Fwp%2Fv2%2Fcategories&post=3181"},{"taxonomy":"post_tag","embeddable":true,"href":"https:\/\/www.sportingcanal.com\/index.php?rest_route=%2Fwp%2Fv2%2Ftags&post=3181"}],"curies":[{"name":"wp","href":"https:\/\/api.w.org\/{rel}","templated":true}]}}