{"id":3203,"date":"2026-03-13T08:20:56","date_gmt":"2026-03-13T07:20:56","guid":{"rendered":"http:\/\/www.sportingcanal.com\/?p=3203"},"modified":"2026-03-14T14:23:56","modified_gmt":"2026-03-14T13:23:56","slug":"duilio-central-de-pontape-fortissimo","status":"publish","type":"post","link":"https:\/\/www.sportingcanal.com\/?p=3203","title":{"rendered":"Du\u00edlio \u2013 Central de pontap\u00e9 fort\u00edssimo"},"content":{"rendered":"<p>Du\u00edlio Dias J\u00fanior nasceu a 13 de Mar\u00e7o de 1957 em Curitiba &#8211; Brasil. Come\u00e7ou a jogar futebol e a conquistar t\u00edtulos no clube da sua terra (ele \u00e9 filho do maior goleador da Hist\u00f3ria do clube), passando depois por Portuguesa, Am\u00e9rica e Fluminense (onde teve grande sucesso individual e coletivo).<\/p>\n<p>Chegou ao Sporting proveniente do \u201cTricolor\u201d no Ver\u00e3o de 1985. Era tido como um central possante, \u201cautorit\u00e1rio\u201d, de grande craveira. Estreou-se oficialmente a 28 de Setembro num Sporting-Acad\u00e9mica (2-0) para o Campeonato. Nessa 1\u00aa temporada, sob o comando de Manuel Jos\u00e9, n\u00e3o conseguiu ganhar a titularidade no centro da defesa (que pertencia \u00e0 dupla Ven\u00e2ncio-Morato). Pareceu sentir alguns problemas de adapta\u00e7\u00e3o ao futebol europeu (bem mais intenso que o brasileiro) e ele n\u00e3o era propriamente um jogador r\u00e1pido. Ainda assim realizou 16 jogos.<\/p>\n<p>Na \u00e9poca seguinte, com Manuel Jos\u00e9 (primeiro) e Keith Burkinshaw (depois) foi mais utilizado, come\u00e7ando a demonstrar a sua apet\u00eancia de remate, fort\u00edssimo e muitas vezes colocado. Marcou o 1\u00ba golo a 18 de Janeiro de 1987 num triunfo (3-2) no terreno do Oriental para a Ta\u00e7a de Portugal.<\/p>\n<p>1987\/88 foi a sua melhor e, paradoxalmente, \u00faltima \u00e9poca de verde e branco. Habitualmente titular (40 presen\u00e7as), fez dupla com Morato e apontou 4 golos, contribuindo para o triunfo na Superta\u00e7a. A sua \u00faltima partida realizou-se a 5 de Junho de 1988 frente ao Penafiel (7-0), tendo marcado 1 golo na despedida. Nessa altura surgiu o presidente Jorge Gon\u00e7alves que promoveu uma grande mudan\u00e7a no plantel.<\/p>\n<p>Totalizou 3 \u00e9pocas, 81 jogos oficiais e 6 golos pelo Sporting, ao servi\u00e7o do qual ganhou uma Superta\u00e7a.<\/p>\n<p>Saiu de Alvalade para o Estrela da Amadora, onde foi capit\u00e3o de equipa e ajudou a um hist\u00f3rico triunfo na Ta\u00e7a de Portugal. Passou depois por Ovarense e Portimonense &#8211; onde terminou a carreira em 1995. Mais tarde &#8220;abra\u00e7ou&#8221; a carreira de treinador. Come\u00e7ou por ser adjunto no Fluminense e depois tornou-se t\u00e9cnico principal em v\u00e1rias equipas brasileiras. Esteve tamb\u00e9m no Machico, no Koweit e no Cazaquist\u00e3o.<\/p>\n<div class=\"tweetthis\" style=\"text-align:left;\"><p> <a target=\"_blank\" rel=\"nofollow\" class=\"tt\" href=\"http:\/\/twitter.com\/home\/?status=Du%C3%ADlio+%E2%80%93+Central+de+pontap%C3%A9+fort%C3%ADssimo+https%3A%2F%2Fis.gd%2FX58rjp\" title=\"Post to Twitter\"><img decoding=\"async\" class=\"nothumb\" src=\"http:\/\/www.sportingcanal.com\/wp-content\/plugins\/tweet-this\/icons\/en\/twitter\/tt-twitter6.png\" alt=\"Post to Twitter\" \/><\/a><\/p><\/div>","protected":false},"excerpt":{"rendered":"<p>Du\u00edlio Dias J\u00fanior nasceu a 13 de Mar\u00e7o de 1957 em Curitiba &#8211; Brasil. Come\u00e7ou a jogar futebol e a conquistar t\u00edtulos no clube da sua terra (ele \u00e9 filho do maior goleador da Hist\u00f3ria do clube), passando depois por Portuguesa, Am\u00e9rica e Fluminense (onde teve grande sucesso individual e coletivo). Chegou ao Sporting proveniente [&hellip;]<\/p>\n","protected":false},"author":1,"featured_media":3205,"comment_status":"open","ping_status":"open","sticky":false,"template":"","format":"standard","meta":{"_et_pb_use_builder":"","_et_pb_old_content":"","_et_gb_content_width":"","footnotes":""},"categories":[63],"tags":[65,8],"_links":{"self":[{"href":"https:\/\/www.sportingcanal.com\/index.php?rest_route=\/wp\/v2\/posts\/3203"}],"collection":[{"href":"https:\/\/www.sportingcanal.com\/index.php?rest_route=\/wp\/v2\/posts"}],"about":[{"href":"https:\/\/www.sportingcanal.com\/index.php?rest_route=\/wp\/v2\/types\/post"}],"author":[{"embeddable":true,"href":"https:\/\/www.sportingcanal.com\/index.php?rest_route=\/wp\/v2\/users\/1"}],"replies":[{"embeddable":true,"href":"https:\/\/www.sportingcanal.com\/index.php?rest_route=%2Fwp%2Fv2%2Fcomments&post=3203"}],"version-history":[{"count":21,"href":"https:\/\/www.sportingcanal.com\/index.php?rest_route=\/wp\/v2\/posts\/3203\/revisions"}],"predecessor-version":[{"id":39819,"href":"https:\/\/www.sportingcanal.com\/index.php?rest_route=\/wp\/v2\/posts\/3203\/revisions\/39819"}],"wp:featuredmedia":[{"embeddable":true,"href":"https:\/\/www.sportingcanal.com\/index.php?rest_route=\/wp\/v2\/media\/3205"}],"wp:attachment":[{"href":"https:\/\/www.sportingcanal.com\/index.php?rest_route=%2Fwp%2Fv2%2Fmedia&parent=3203"}],"wp:term":[{"taxonomy":"category","embeddable":true,"href":"https:\/\/www.sportingcanal.com\/index.php?rest_route=%2Fwp%2Fv2%2Fcategories&post=3203"},{"taxonomy":"post_tag","embeddable":true,"href":"https:\/\/www.sportingcanal.com\/index.php?rest_route=%2Fwp%2Fv2%2Ftags&post=3203"}],"curies":[{"name":"wp","href":"https:\/\/api.w.org\/{rel}","templated":true}]}}