{"id":3215,"date":"2026-03-13T08:30:30","date_gmt":"2026-03-13T07:30:30","guid":{"rendered":"http:\/\/www.sportingcanal.com\/?p=3215"},"modified":"2026-03-14T14:23:59","modified_gmt":"2026-03-14T13:23:59","slug":"sandra-teixeira","status":"publish","type":"post","link":"https:\/\/www.sportingcanal.com\/?p=3215","title":{"rendered":"Sandra Teixeira"},"content":{"rendered":"<p>&nbsp;<\/p>\n<p>Nasceu a 13 de Mar\u00e7o de 1978 em Coimbra. No Mundo do Atletismo e entre os amigos \u00e9 conhecida por Sassi.\u00a0Com 5 anos foi para Lisboa.<\/p>\n<p>Amante do desporto desde muito cedo, come\u00e7ou com 12 anos a jogar Andebol (no Caxias) e depois Futebol de Sal\u00e3o. Um dia, um amigo que gostava de assistir aos seus jogos convenceu-a a mudar para o Atletismo, pois nunca se cansava, correndo o tempo todo de um lado para o outro. Nas corridas da escola Sandra j\u00e1 costumava ganhar e por isso acabou por decidir experimentar. Foi correr uma prova de estrada em Queluz de Baixo e ganhou! Nas suas pr\u00f3prias palavras (e com um sorriso largo): \u201cLembro-me de andar com a ta\u00e7a no meu bairro a mostr\u00e1-la a toda a gente!\u201d<\/p>\n<p>Com um in\u00edcio t\u00e3o prometedor no Atletismo, o seu ex-t\u00e9cnico &#8211; Pedro Gomes, nunca mais a \u201clargou\u201d. Ia busc\u00e1-la a casa 3 vezes por semana e levava-a ao Est\u00e1dio Nacional para treinar. Rapidamente se sagrou Campe\u00e3 Nacional dos 400 metros e convidaram-na para ir a Inglaterra representar a Sele\u00e7\u00e3o, o que para ela foi uma grande alegria.<\/p>\n<p>A partir da\u00ed dedicou-se profundamente ao Atletismo. Esteve 6 anos no Linda-a-Pastora e desde 1998 que concretizou o sonho de representar o Sporting (porque sempre foi sportinguista e o convite para ingressar nos le\u00f5es lhe deu uma grande alegria).<\/p>\n<p>A n\u00edvel nacional o seu palmar\u00e9s \u00e9 extraordin\u00e1rio. Para al\u00e9m de outros triunfos (individuais e coletivos) em diversas provas de pista, estrada ou crosse, ganhou, de verde e branco, 1 Campeonato de Portugal dos 1.500 metros, 8 dos 800 e 2 dos 400 metros (todos em pista). Em pista coberta j\u00e1 foi 3 vezes campe\u00e3 de Portugal dos 1.500 e 7 vezes campe\u00e3 de Portugal dos 800 metros- estes n\u00fameros d\u00e3o um total de 21 t\u00edtulos de Campe\u00e3 de Portugal individual. Contribuiu para dezenas de t\u00edtulos coletivos!<\/p>\n<p>A n\u00edvel internacional conquistou uma medalha de bronze nos Jogos Ibero-americanos, duas de ouro nos Jogos da Lusofonia e um 6\u00ba lugar nos Campeonatos do Mundo Universit\u00e1rios. Representou Portugal em v\u00e1rios Campeonatos da Europa e do Mundo.<\/p>\n<p>Paralelamente ao Atletismo tirou o curso de Educa\u00e7\u00e3o F\u00edsica na Faculdade Lus\u00f3fona. Depois esteve 2 anos a dar aulas mas n\u00e3o se sentia preenchida\u2026 Mais tarde iniciou uma aventura como guarda prisional no Estabelecimento Prisional de Tires, onde tamb\u00e9m desenvolveu um projeto desportivo com as reclusas. Diz que se sente \u201ccompleta e feliz porque fa\u00e7o aquilo que gosto e ao mesmo tempo posso treinar ao mais alto n\u00edvel uma vez que o estatuto de alta competi\u00e7\u00e3o me permite ter um hor\u00e1rio compat\u00edvel com o trabalho\u201d.<\/p>\n<p>Recebeu o pr\u00e9mio &#8220;Rugidos do Le\u00e3o&#8221; em 1998.<\/p>\n<p>De magn\u00edficas atletas como Sandra Teixeira se vai fazendo a Hist\u00f3ria do Atletismo do Sporting, a modalidade que mais gl\u00f3ria d\u00e1 ao clube, desde sempre!<\/p>\n<div class=\"tweetthis\" style=\"text-align:left;\"><p> <a target=\"_blank\" rel=\"nofollow\" class=\"tt\" href=\"http:\/\/twitter.com\/home\/?status=Sandra+Teixeira+https%3A%2F%2Fis.gd%2FD4ajMi\" title=\"Post to Twitter\"><img decoding=\"async\" class=\"nothumb\" src=\"http:\/\/www.sportingcanal.com\/wp-content\/plugins\/tweet-this\/icons\/en\/twitter\/tt-twitter6.png\" alt=\"Post to Twitter\" \/><\/a><\/p><\/div>","protected":false},"excerpt":{"rendered":"<p>&nbsp; Nasceu a 13 de Mar\u00e7o de 1978 em Coimbra. No Mundo do Atletismo e entre os amigos \u00e9 conhecida por Sassi.\u00a0Com 5 anos foi para Lisboa. Amante do desporto desde muito cedo, come\u00e7ou com 12 anos a jogar Andebol (no Caxias) e depois Futebol de Sal\u00e3o. Um dia, um amigo que gostava de assistir [&hellip;]<\/p>\n","protected":false},"author":1,"featured_media":3216,"comment_status":"open","ping_status":"open","sticky":false,"template":"","format":"standard","meta":{"_et_pb_use_builder":"","_et_pb_old_content":"","_et_gb_content_width":"","footnotes":""},"categories":[13],"tags":[21,248],"_links":{"self":[{"href":"https:\/\/www.sportingcanal.com\/index.php?rest_route=\/wp\/v2\/posts\/3215"}],"collection":[{"href":"https:\/\/www.sportingcanal.com\/index.php?rest_route=\/wp\/v2\/posts"}],"about":[{"href":"https:\/\/www.sportingcanal.com\/index.php?rest_route=\/wp\/v2\/types\/post"}],"author":[{"embeddable":true,"href":"https:\/\/www.sportingcanal.com\/index.php?rest_route=\/wp\/v2\/users\/1"}],"replies":[{"embeddable":true,"href":"https:\/\/www.sportingcanal.com\/index.php?rest_route=%2Fwp%2Fv2%2Fcomments&post=3215"}],"version-history":[{"count":27,"href":"https:\/\/www.sportingcanal.com\/index.php?rest_route=\/wp\/v2\/posts\/3215\/revisions"}],"predecessor-version":[{"id":39823,"href":"https:\/\/www.sportingcanal.com\/index.php?rest_route=\/wp\/v2\/posts\/3215\/revisions\/39823"}],"wp:featuredmedia":[{"embeddable":true,"href":"https:\/\/www.sportingcanal.com\/index.php?rest_route=\/wp\/v2\/media\/3216"}],"wp:attachment":[{"href":"https:\/\/www.sportingcanal.com\/index.php?rest_route=%2Fwp%2Fv2%2Fmedia&parent=3215"}],"wp:term":[{"taxonomy":"category","embeddable":true,"href":"https:\/\/www.sportingcanal.com\/index.php?rest_route=%2Fwp%2Fv2%2Fcategories&post=3215"},{"taxonomy":"post_tag","embeddable":true,"href":"https:\/\/www.sportingcanal.com\/index.php?rest_route=%2Fwp%2Fv2%2Ftags&post=3215"}],"curies":[{"name":"wp","href":"https:\/\/api.w.org\/{rel}","templated":true}]}}