{"id":3218,"date":"2026-04-28T09:00:34","date_gmt":"2026-04-28T08:00:34","guid":{"rendered":"http:\/\/www.sportingcanal.com\/?p=3218"},"modified":"2026-04-28T11:31:43","modified_gmt":"2026-04-28T10:31:43","slug":"edivaldo-monteiro-um-velocista-de-bom-nivel","status":"publish","type":"post","link":"https:\/\/www.sportingcanal.com\/?p=3218","title":{"rendered":"Edivaldo Monteiro \u2013 Velocista de bom n\u00edvel"},"content":{"rendered":"<p>Edivaldo Isa\u00edas Monteiro nasceu a 28 de Abril de 1976 na Guin\u00e9 Bissau. Teve como clube de forma\u00e7\u00e3o o Centro de Atletismo da Baixa da Banheira.\u00a0Foi Campe\u00e3o Nacional j\u00fanior em\u00a01995, e em 1999 j\u00e1 tomou parte da equipa leonina que se sagrou, pela 4\u00aa vez, Campe\u00e3 Nacional em pista coberta.<\/p>\n<p>Ao servi\u00e7o do Sporting, de 1999 a 2009, foi Campe\u00e3o de Portugal de pista dos 400 metros barreiras por 5 vezes e dos 400 metros em 4 ocasi\u00f5es. Na pista coberta conseguiu 2 t\u00edtulos nos 400 metros.<\/p>\n<p>Participou no\u00a0Campeonato Mundial de Atletismo nas edi\u00e7\u00f5es de\u00a02001,\u00a02003 e\u00a02007 (ano em que chegou \u00e0s meias finais). Nos\u00a0Jogos Ol\u00edmpicos foi a\u00a0Atenas em\u00a02004 (chegou \u00e0s meias finais)\u00a0e a\u00a0Pequim em\u00a02008. Em\u00a02002, no\u00a0Campeonato Europeu de Atletismo de\u00a0Munique, tamb\u00e9m chegou \u00e0s meias-finais.<\/p>\n<p>Tem como recorde pessoal a marca de 49,10s obtida em\u00a0Berna a\u00a026 de Junho de 2004.<\/p>\n<p>Em 2010 regressou ao Centro de Atletismo da Baixa da Banheira, o clube onde se formou.<\/p>\n<p>Contribuiu para a equipa leonina que venceu 10 Campeonatos Nacionais coletivos de pista e 11 de pista coberta, sendo, indiscutivelmente, um dos bons valores do Atletismo sportinguista da 1\u00aa d\u00e9cada do s\u00e9culo XXI.<\/p>\n<div class=\"tweetthis\" style=\"text-align:left;\"><p> <a target=\"_blank\" rel=\"nofollow\" class=\"tt\" href=\"http:\/\/twitter.com\/home\/?status=Edivaldo+Monteiro+%E2%80%93+Velocista+de+bom+n%C3%ADvel+https%3A%2F%2Fis.gd%2FXbeuHO\" title=\"Post to Twitter\"><img decoding=\"async\" class=\"nothumb\" src=\"http:\/\/www.sportingcanal.com\/wp-content\/plugins\/tweet-this\/icons\/en\/twitter\/tt-twitter6.png\" alt=\"Post to Twitter\" \/><\/a><\/p><\/div>","protected":false},"excerpt":{"rendered":"<p>Edivaldo Isa\u00edas Monteiro nasceu a 28 de Abril de 1976 na Guin\u00e9 Bissau. Teve como clube de forma\u00e7\u00e3o o Centro de Atletismo da Baixa da Banheira.\u00a0Foi Campe\u00e3o Nacional j\u00fanior em\u00a01995, e em 1999 j\u00e1 tomou parte da equipa leonina que se sagrou, pela 4\u00aa vez, Campe\u00e3 Nacional em pista coberta. Ao servi\u00e7o do Sporting, de [&hellip;]<\/p>\n","protected":false},"author":1,"featured_media":3219,"comment_status":"open","ping_status":"open","sticky":false,"template":"","format":"standard","meta":{"_et_pb_use_builder":"","_et_pb_old_content":"","_et_gb_content_width":"","footnotes":""},"categories":[63],"tags":[21,342],"_links":{"self":[{"href":"https:\/\/www.sportingcanal.com\/index.php?rest_route=\/wp\/v2\/posts\/3218"}],"collection":[{"href":"https:\/\/www.sportingcanal.com\/index.php?rest_route=\/wp\/v2\/posts"}],"about":[{"href":"https:\/\/www.sportingcanal.com\/index.php?rest_route=\/wp\/v2\/types\/post"}],"author":[{"embeddable":true,"href":"https:\/\/www.sportingcanal.com\/index.php?rest_route=\/wp\/v2\/users\/1"}],"replies":[{"embeddable":true,"href":"https:\/\/www.sportingcanal.com\/index.php?rest_route=%2Fwp%2Fv2%2Fcomments&post=3218"}],"version-history":[{"count":23,"href":"https:\/\/www.sportingcanal.com\/index.php?rest_route=\/wp\/v2\/posts\/3218\/revisions"}],"predecessor-version":[{"id":40063,"href":"https:\/\/www.sportingcanal.com\/index.php?rest_route=\/wp\/v2\/posts\/3218\/revisions\/40063"}],"wp:featuredmedia":[{"embeddable":true,"href":"https:\/\/www.sportingcanal.com\/index.php?rest_route=\/wp\/v2\/media\/3219"}],"wp:attachment":[{"href":"https:\/\/www.sportingcanal.com\/index.php?rest_route=%2Fwp%2Fv2%2Fmedia&parent=3218"}],"wp:term":[{"taxonomy":"category","embeddable":true,"href":"https:\/\/www.sportingcanal.com\/index.php?rest_route=%2Fwp%2Fv2%2Fcategories&post=3218"},{"taxonomy":"post_tag","embeddable":true,"href":"https:\/\/www.sportingcanal.com\/index.php?rest_route=%2Fwp%2Fv2%2Ftags&post=3218"}],"curies":[{"name":"wp","href":"https:\/\/api.w.org\/{rel}","templated":true}]}}