{"id":32227,"date":"2025-06-11T00:01:19","date_gmt":"2025-06-10T23:01:19","guid":{"rendered":"http:\/\/www.sportingcanal.com\/?p=32227"},"modified":"2025-06-11T12:06:06","modified_gmt":"2025-06-11T11:06:06","slug":"jorge-fonseca-e-bicampeao-mundial","status":"publish","type":"post","link":"https:\/\/www.sportingcanal.com\/?p=32227","title":{"rendered":"2021 &#8211; Jorge Fonseca, bicampe\u00e3o mundial de Judo!"},"content":{"rendered":"<p>11 de Junho de 2021. Pela 2\u00aa vez consecutiva, Jorge Fonseca foi Campe\u00e3o Mundial de Judo na categoria de -100kg.<\/p>\n<p>Depois do ouro em T\u00f3quio, Jap\u00e3o, em 2019, o atleta do Sporting CP triunfou nesta sexta-feira em Budapeste, Hungria, e garantiu o Bicampeonato Mundial!<\/p>\n<p>Em ano de Jogos Ol\u00edmpicos, Jorge Fonseca, de 28 anos, bateu Aleksandar Kukolj (S\u00e9rvia) na final e revalidou o t\u00edtulo que j\u00e1 tinha, estabelecendo-se cada vez mais como um dos melhores judocas do planeta e da Hist\u00f3ria da modalidade em Portugal.<\/p>\n<p>O dia acabou mesmo por ser perfeito para Jorge Fonseca, que venceu todos os combates por\u00a0ippon, a vantagem m\u00e1xima no judo.<\/p>\n<p>Na parte da manh\u00e3, Jorge Fonseca come\u00e7ou por superar Muzaffarbek Turoboyev (Uzbequist\u00e3o), Kyle Reyes (Canad\u00e1) e Ilia Sulamanidze (Ge\u00f3rgia), todos por\u00a0ippon, antes de encontrar o holand\u00eas Michael Korrel (3\u00ba do ranking mundial) nas meias-finais. Apesar da maior dificuldade na teoria, Jorge Fonseca &#8211; treinado por Pedro Soares &#8211; voltou a brilhar e venceu por\u00a0ippon\u00a0depois de tamb\u00e9m j\u00e1 ter pontuado um\u00a0waza-ari.<\/p>\n<p>O le\u00e3o chegou \u00e0 final com grande qualidade e rapidez, uma vez que nenhum dos combates durou at\u00e9 os 4 minutos regulamentares.<\/p>\n<p>Na final, tinha pela frente Aleksandar Kukolj, judoca s\u00e9rvio e 54.\u00ba do ranking internacional que tinha deixado pelo caminho grandes atletas como Varlam Liparteliani (Ge\u00f3rgia) ou Shady El Nahas (Canad\u00e1).<\/p>\n<p>Na derradeira luta, Jorge Fonseca come\u00e7ou por pontuar um\u00a0waza-ari\u00a0num combate muito t\u00e1tico. Finalmente, a pouco mais de 50 segundos do fim, o portugu\u00eas conseguiu um\u00a0ippon\u00a0que significou a conquista do Bicampeonato Mundial. No final, tal como em T\u00f3quio, Jorge Fonseca dan\u00e7ou e voltou a ser feliz.<\/p>\n<p>Na cerim\u00f3nia da entrega das medalhas, Jorge Fonseca n\u00e3o escondeu a emo\u00e7\u00e3o e chorou quando tocou \u201cA Portuguesa\u201d.<\/p>\n<p>Para al\u00e9m de Jorge Fonseca e de Aleksandar Kukolj na primeira e segunda posi\u00e7\u00f5es, respetivamente, o p\u00f3dio ficou completo com os terceiros lugares de Varlam Liparteliani e de Ilia Sulamanidze, ambos da Ge\u00f3rgia.<\/p>\n<p>No dia seguinte, na chegada ao Aeroporto de Lisboa, Jorge Fonseca surgiu de ouro ao peito e falou aos jornalistas presentes, afirmando: &#8220;Foi o Mundial perfeito. Trabalhei bastante para isto e consegui alcan\u00e7ar o meu objetivo, que era fazer o melhor poss\u00edvel nesta prova, trazendo o ouro para Portugal. Na primeira vez alguns disseram que era sorte, \u00e0 segunda j\u00e1 n\u00e3o pode ser&#8230; \u00c9 muito trabalho e muita for\u00e7a de vontade, tinha uma grande ambi\u00e7\u00e3o, queria ser Campe\u00e3o do Mundo pela 2\u00aa vez. Tinha de mostrar que tinha capacidade para fazer um grande Mundial. O Europeu em Lisboa n\u00e3o correu bem [7\u00ba lugar], fiquei desiludido, mas levantei a cabe\u00e7a e mostrei que sou mesmo o Campe\u00e3o do Mundo&#8221;.<\/p>\n<p>Conseguido o ouro, a dan\u00e7a que j\u00e1 se tornou a imagem de marca do judoca de 28 anos tamb\u00e9m n\u00e3o faltou: &#8220;Queria dan\u00e7ar mais um bocado, meteram a m\u00fasica tarde, ent\u00e3o tive de o fazer sem m\u00fasica (risos). Deu para me divertir um bocado, \u00e9 o meu estilo (\u2026) Ainda n\u00e3o entrei na Hist\u00f3ria, tenho um grande sonho &#8211; ser Campe\u00e3o Ol\u00edmpico. Assim entro para a Hist\u00f3ria, mas at\u00e9 l\u00e1 estou muito feliz por ser bicampe\u00e3o do mundo (\u2026) agora vou trabalhar para os Jogos Ol\u00edmpicos e chegar a T\u00f3quio para me divertir a fazer aquilo que mais gosto de fazer. Pretendo o ouro e vou trabalhar para isso&#8221;.<\/p>\n<p>Por fim, Jorge Fonseca dedicou a conquista ao seu treinador, Pedro Soares, t\u00e9cnico do Judo do Sporting CP e seleccionador nacional, mas tamb\u00e9m \u00e0 fam\u00edlia, que o recebeu no aeroporto: &#8220;S\u00e3o eles que me d\u00e3o for\u00e7a e sempre estiveram ao meu lado nos momentos mais dif\u00edceis\u201d.<\/p>\n<p>Pedro Soares tamb\u00e9m regressou a Portugal e destacou o &#8220;feito hist\u00f3rico&#8221; alcan\u00e7ado por Jorge Fonseca, acrescentando que &#8220;est\u00e1 de parab\u00e9ns o Judo, o desporto portugu\u00eas e o Sporting CP, que \u00e9 o Clube onde o atleta foi formado (\u2026) Foi completamente avassalador, projetando os advers\u00e1rios uma e duas vezes. Nunca defendeu essa vantagem, o que faz parte do seu ADN: s\u00f3 joga para marcar. N\u00e3o consigo encontrar qualquer falha, foi uma prova imaculada. Esperemos que possa estar a este n\u00edvel nos JO. H\u00e1 dias e dias, mas vamos esperar que o dia 29 de Julho seja tamb\u00e9m um dia feliz&#8221;.<\/p>\n<p>Al\u00e9m de Jorge Fonseca, o Sporting CP tamb\u00e9m teve Joana Ramos em a\u00e7\u00e3o, atleta que aos 39 anos igualou o seu melhor resultado em Mundiais: um 5\u00ba lugar que lhe garantiu uma vaga em T\u00f3quio: &#8220;Grande competi\u00e7\u00e3o da Joana, este foi de todos os Mundiais aquele em que esteve mais perto de marcar e no qual a sua performance foi a melhor. \u00c9 uma atleta excecional e tem um percurso que muita orgulha o Sporting CP e o Judo portugu\u00eas. N\u00e3o p\u00e1ra de nos surpreender em termos de compet\u00eancia e atitude, al\u00e9m de ser um grande ser humano. Ela diz que se est\u00e1 a sentir bem. Esperemos que nos JO possa lutar pela medalha e que aquele bocadinho que lhe faltou em Budapeste apare\u00e7a em T\u00f3quio para que possa fechar a sua carreira com uma medalha Ol\u00edmpica, porque ela est\u00e1 a esse n\u00edvel&#8221;.<\/p>\n<div class=\"tweetthis\" style=\"text-align:left;\"><p> <a target=\"_blank\" rel=\"nofollow\" class=\"tt\" href=\"http:\/\/twitter.com\/home\/?status=2021+%E2%80%93+Jorge+Fonseca%2C+bicampe%C3%A3o+mundial+de+Judo%21+https%3A%2F%2Fis.gd%2FVa6v6S\" title=\"Post to Twitter\"><img decoding=\"async\" class=\"nothumb\" src=\"http:\/\/www.sportingcanal.com\/wp-content\/plugins\/tweet-this\/icons\/en\/twitter\/tt-twitter6.png\" alt=\"Post to Twitter\" \/><\/a><\/p><\/div>","protected":false},"excerpt":{"rendered":"<p>11 de Junho de 2021. Pela 2\u00aa vez consecutiva, Jorge Fonseca foi Campe\u00e3o Mundial de Judo na categoria de -100kg. Depois do ouro em T\u00f3quio, Jap\u00e3o, em 2019, o atleta do Sporting CP triunfou nesta sexta-feira em Budapeste, Hungria, e garantiu o Bicampeonato Mundial! Em ano de Jogos Ol\u00edmpicos, Jorge Fonseca, de 28 anos, bateu [&hellip;]<\/p>\n","protected":false},"author":1,"featured_media":37947,"comment_status":"open","ping_status":"closed","sticky":false,"template":"","format":"standard","meta":{"_et_pb_use_builder":"","_et_pb_old_content":"","_et_gb_content_width":"","footnotes":""},"categories":[4],"tags":[39,81],"_links":{"self":[{"href":"https:\/\/www.sportingcanal.com\/index.php?rest_route=\/wp\/v2\/posts\/32227"}],"collection":[{"href":"https:\/\/www.sportingcanal.com\/index.php?rest_route=\/wp\/v2\/posts"}],"about":[{"href":"https:\/\/www.sportingcanal.com\/index.php?rest_route=\/wp\/v2\/types\/post"}],"author":[{"embeddable":true,"href":"https:\/\/www.sportingcanal.com\/index.php?rest_route=\/wp\/v2\/users\/1"}],"replies":[{"embeddable":true,"href":"https:\/\/www.sportingcanal.com\/index.php?rest_route=%2Fwp%2Fv2%2Fcomments&post=32227"}],"version-history":[{"count":9,"href":"https:\/\/www.sportingcanal.com\/index.php?rest_route=\/wp\/v2\/posts\/32227\/revisions"}],"predecessor-version":[{"id":37948,"href":"https:\/\/www.sportingcanal.com\/index.php?rest_route=\/wp\/v2\/posts\/32227\/revisions\/37948"}],"wp:featuredmedia":[{"embeddable":true,"href":"https:\/\/www.sportingcanal.com\/index.php?rest_route=\/wp\/v2\/media\/37947"}],"wp:attachment":[{"href":"https:\/\/www.sportingcanal.com\/index.php?rest_route=%2Fwp%2Fv2%2Fmedia&parent=32227"}],"wp:term":[{"taxonomy":"category","embeddable":true,"href":"https:\/\/www.sportingcanal.com\/index.php?rest_route=%2Fwp%2Fv2%2Fcategories&post=32227"},{"taxonomy":"post_tag","embeddable":true,"href":"https:\/\/www.sportingcanal.com\/index.php?rest_route=%2Fwp%2Fv2%2Ftags&post=32227"}],"curies":[{"name":"wp","href":"https:\/\/api.w.org\/{rel}","templated":true}]}}