{"id":32315,"date":"2025-07-31T09:30:09","date_gmt":"2025-07-31T08:30:09","guid":{"rendered":"http:\/\/www.sportingcanal.com\/?p=32315"},"modified":"2025-07-31T15:38:54","modified_gmt":"2025-07-31T14:38:54","slug":"futebol-sporting-2-sp-braga-1","status":"publish","type":"post","link":"https:\/\/www.sportingcanal.com\/?p=32315","title":{"rendered":"2021 \u2013 9\u00aa Superta\u00e7a em Futebol com belo triunfo sobre o Braga"},"content":{"rendered":"<p>31 de Julho de 2021. Come\u00e7ou esta noite a \u00e9poca oficial da nossa equipa de futebol. Em Aveiro, com a novidade do regresso do p\u00fablico (mais de 7.000 pessoas), o Sporting (campe\u00e3o nacional) defrontou o Braga (vencedor da Ta\u00e7a de Portugal) num confronto aguardado com grande expectativa.<\/p>\n<p>O Sporting come\u00e7ou com mais posse de bola, mas sem grande progress\u00e3o. O Braga conseguiu &#8220;amarrar&#8221; bem o jogo leonino nos primeiros minutos. Ainda assim, aos 7, Feddal atirou longo para Pote, que tentou assistir Paulinho, mas Matheus antecipou-se bem e segurou. Aos 16 Pote colocou de novo Matheus \u00e0 prova, mas aos 20 Frans\u00e9rgio marcou &#8211; passe em profundidade de Ricardo Horta e o brasileiro a enganar In\u00e1cio e a rematar colocad\u00edssimo, sem hip\u00f3teses para Ad\u00e1n.<\/p>\n<p>O golo advers\u00e1rio parece ter feito bem \u00e0 nossa equipa, que se soltou claramente para o jogo e dominou todo o tempo restante da partida. Aos 29 minutos, grande passe longo de Nuno Mendes para Jovane que se esgueirou pela esquerda, e apesar de ter Paulinho completamente solto no meio optou por rematar batendo Matheus &#8211; era o 1-1!<\/p>\n<p>Aos 33 mais um grande lance de Nuno Mendes a cruzar para Pote rematar e obrigar Matheus a uma grande defesa que negou a reviravolta. Aos 43 minutos, grande passe de Matheus Nunes para Pote que recebeu na meia direita e rematou de trivela ao \u00e2ngulo contr\u00e1rio fazendo um verdadeiro gola\u00e7o! Era o 2-1, pouco antes do intervalo.<\/p>\n<p>Na entrada para a 2\u00aa parte o Braga tentou reagir mas foi absolutamente impotente perante a maior categoria dos le\u00f5es. Aos 50 minutos, belo passe de Pote para Paulinho, que num primeiro momento pareceu isolar-se mas depois caiu em luta com Tormena. Pareceu legal. Aos 53, passe de Palhinha e Pote a obrigar Matheus a brilhar uma vez mais. Aos 63, livre direto de Nuno Mendes, perigoso, com a bola a bater na malha lateral. S\u00f3 o Sporting criava perigo, e em v\u00e1rias ocasi\u00f5es&#8230; Aos 74 Jovane atirou colocado ligeiramente ao lado. Aos 81 minutos Matheus arriscou e saiu mal da baliza &#8211; o Sporting ganhou a bola por Tiago Tom\u00e1s e depois Pote, apenas com um defesa na baliza, atirou muito mal para fora &#8211; o excelente m\u00e9dio ofensivo perdeu pela 2\u00aa vez um golo cantado esta noite!&#8230;<\/p>\n<p>Ap\u00f3s uns exagerados 7 minutos de descontos a partida terminou com uma vit\u00f3ria justificad\u00edssima daquela que foi claramente a melhor equipa em campo. O Sporting come\u00e7a a temporada conquistando a sua 9\u00aa Superta\u00e7a ap\u00f3s uma exibi\u00e7\u00e3o extremamente agrad\u00e1vel!<\/p>\n<p>R\u00faben Amorim apresentou a seguinte equipa: Ad\u00e1n; Gon\u00e7alo In\u00e1cio, Coates e Feddal (Matheus Reis 80); Ricardo Esgaio, Jo\u00e3o Palhinha, Matheus Nunes e Nuno Mendes; Pote (Bruno Tabata 83), Paulinho (Tiago Tom\u00e1s 69) e Jovane Cabral (Nuno Santos 80).<\/p>\n<p>R\u00faben Amorim afirmou: &#8220;Quem alterou as coisas foram os jogadores, n\u00e3o o treinador. J\u00e1 n\u00e3o me ouvem, h\u00e1 p\u00fablico. Libertaram-se a seguir ao golo, tiveram mais confian\u00e7a. Demor\u00e1mos a entrar no jogo, o p\u00fablico acho que trouxe mais velocidade e vivacidade. Foram eles que come\u00e7aram a perceber onde poderiam entrar, principalmente pelo lado esquerdo. Em rela\u00e7\u00e3o ao Campeonato, vai ser igual, queremos ganhar todos os jogos e uma equipa candidata a vencer todos os jogos \u00e9 candidata a vencer o Campeonato. Temos mais um ano de experi\u00eancia, mas \u00e9 ver o que se passa no futebol portugu\u00eas, clubes que est\u00e3o mais habituados a vencer que n\u00f3s, t\u00eam outro tipo de or\u00e7amento e isso v\u00ea-se todos os dias. N\u00e3o h\u00e1 que dar press\u00e3o extra, estamos a construir algo importante no Sporting. Para mim \u00e9 mais f\u00e1cil jogo a jogo. Para muitas pessoas isto \u00e9 uma forma de nos protegermos. Eu acho que n\u00e3o, \u00e9 facilitar o dia a dia dos jogadores. Eu sou o culpado deste discurso, n\u00e3o s\u00e3o eles, que t\u00eam uma fome e uma vontade de vencer. Vamos jogo a jogo, preparar o Vizela (&#8230;) O jogo n\u00e3o come\u00e7ou bem para a nossa equipa. O Sp. Braga come\u00e7ou melhor, mesmo sem ter muita bola. N\u00e3o conseguimos passar a linha defensiva, troc\u00e1vamos com o Ad\u00e1n, mas n\u00e3o est\u00e1vamos a conseguir liga\u00e7\u00e3o com o ataque. O Sp. Braga conhece-nos bem, demor\u00e1mos a entrar no jogo e o Sp. Braga fez um golo sem rematar muito, mas a tapar bem os espa\u00e7os da equipa. A partir do golo, parece-me que nos libert\u00e1mos um pouco. Da\u00ed tamb\u00e9m a resposta dos adeptos, que mesmo a ver a equipa a jogar mal, com um golo sofrido, apoiaram-nos muito e provaram que toda a gente estava errada quando diziam que era uma press\u00e3o extra. Foi uma grande ajuda (&#8230;) Pass\u00e1mos a dominar o jogo, a perceber onde estava o espa\u00e7o. O Jovane a entrar no jogo, o Pote come\u00e7ou a entrar no jogo, fizemos um golo. Tivemos oportunidade para fazer o segundo, acab\u00e1mos por fazer um grande golo do Pote, fomos para intervalo a ganhar e acho que a segunda parte \u00e9 do Sporting. \u00c9 o sabor de um t\u00edtulo, \u00e9 a um jogo, mas a ta\u00e7a vai para o museu, fica a forma como defront\u00e1mos o Sp. Braga e como a meu ver fomos superiores, como n\u00e3o t\u00ednhamos sido no ano passado, apesar das vit\u00f3rias&#8221;.<\/p>\n<div class=\"tweetthis\" style=\"text-align:left;\"><p> <a target=\"_blank\" rel=\"nofollow\" class=\"tt\" href=\"http:\/\/twitter.com\/home\/?status=2021+%E2%80%93+9%C2%AA+Superta%C3%A7a+em+Futebol+com+belo+triunfo+sobre+o+Braga+https%3A%2F%2Fis.gd%2FRSygUm\" title=\"Post to Twitter\"><img decoding=\"async\" class=\"nothumb\" src=\"http:\/\/www.sportingcanal.com\/wp-content\/plugins\/tweet-this\/icons\/en\/twitter\/tt-twitter6.png\" alt=\"Post to Twitter\" \/><\/a><\/p><\/div>","protected":false},"excerpt":{"rendered":"<p>31 de Julho de 2021. Come\u00e7ou esta noite a \u00e9poca oficial da nossa equipa de futebol. Em Aveiro, com a novidade do regresso do p\u00fablico (mais de 7.000 pessoas), o Sporting (campe\u00e3o nacional) defrontou o Braga (vencedor da Ta\u00e7a de Portugal) num confronto aguardado com grande expectativa. O Sporting come\u00e7ou com mais posse de bola, [&hellip;]<\/p>\n","protected":false},"author":1,"featured_media":38384,"comment_status":"open","ping_status":"closed","sticky":false,"template":"","format":"standard","meta":{"_et_pb_use_builder":"","_et_pb_old_content":"","_et_gb_content_width":"","footnotes":""},"categories":[17],"tags":[8,18],"_links":{"self":[{"href":"https:\/\/www.sportingcanal.com\/index.php?rest_route=\/wp\/v2\/posts\/32315"}],"collection":[{"href":"https:\/\/www.sportingcanal.com\/index.php?rest_route=\/wp\/v2\/posts"}],"about":[{"href":"https:\/\/www.sportingcanal.com\/index.php?rest_route=\/wp\/v2\/types\/post"}],"author":[{"embeddable":true,"href":"https:\/\/www.sportingcanal.com\/index.php?rest_route=\/wp\/v2\/users\/1"}],"replies":[{"embeddable":true,"href":"https:\/\/www.sportingcanal.com\/index.php?rest_route=%2Fwp%2Fv2%2Fcomments&post=32315"}],"version-history":[{"count":9,"href":"https:\/\/www.sportingcanal.com\/index.php?rest_route=\/wp\/v2\/posts\/32315\/revisions"}],"predecessor-version":[{"id":38385,"href":"https:\/\/www.sportingcanal.com\/index.php?rest_route=\/wp\/v2\/posts\/32315\/revisions\/38385"}],"wp:featuredmedia":[{"embeddable":true,"href":"https:\/\/www.sportingcanal.com\/index.php?rest_route=\/wp\/v2\/media\/38384"}],"wp:attachment":[{"href":"https:\/\/www.sportingcanal.com\/index.php?rest_route=%2Fwp%2Fv2%2Fmedia&parent=32315"}],"wp:term":[{"taxonomy":"category","embeddable":true,"href":"https:\/\/www.sportingcanal.com\/index.php?rest_route=%2Fwp%2Fv2%2Fcategories&post=32315"},{"taxonomy":"post_tag","embeddable":true,"href":"https:\/\/www.sportingcanal.com\/index.php?rest_route=%2Fwp%2Fv2%2Ftags&post=32315"}],"curies":[{"name":"wp","href":"https:\/\/api.w.org\/{rel}","templated":true}]}}