{"id":3238,"date":"2026-05-02T08:00:44","date_gmt":"2026-05-02T07:00:44","guid":{"rendered":"http:\/\/www.sportingcanal.com\/?p=3238"},"modified":"2026-05-02T19:33:49","modified_gmt":"2026-05-02T18:33:49","slug":"um-escaldante-sporting-belenenses","status":"publish","type":"post","link":"https:\/\/www.sportingcanal.com\/?p=3238","title":{"rendered":"1943 &#8211; Um \u201cescaldante\u201d Sporting-Belenenses"},"content":{"rendered":"<p>2 de Maio de 1943. Neste dia o Sporting recebeu o Belenenses para o Campeonato Nacional. A luta entre estas duas equipas e o Benfica estava no ponto de ebuli\u00e7\u00e3o. O Sporting havia conquistado a lideran\u00e7a h\u00e1 poucas semanas e vivia um per\u00edodo fulgurante, fazendo crer que uma vit\u00f3ria nesta partida poderia lan\u00e7ar definitivamente a equipa para o t\u00edtulo. Para o Belenenses a situa\u00e7\u00e3o era semelhante &#8211; um triunfo poderia significar o arranque para a conquista do t\u00edtulo. O jogo era aliciante, e correpondeu \u00e0 expetativas.<\/p>\n<p>No Est\u00e1dio do Lumiar viveu-se uma grande tarde de futebol com uma verdadeira enchente. O t\u00e9cnico Jozef Szabo escolheu a seguinte equipa: Azevedo; Oct\u00e1vio Barrosa e \u00c1lvaro Cardoso; Jo\u00e3o Nogueira, Ant\u00f3nio Louren\u00e7o e Manecas; Mour\u00e3o, Daniel, <a href=\"http:\/\/www.sportingcanal.com\/?p=871\">Peyroteo<\/a>, Can\u00e1rio e Jo\u00e3o Cruz.<\/p>\n<p>O Sporting jogou na 1\u00aa parte a favor do vento, dominou claramente a partida neste per\u00edodo mas via passar o tempo sem conseguir marcar. Logo no in\u00edcio da 2\u00aa parte a \u201csorte\u201d mudou, e na 1\u00aa avan\u00e7ada o Sporting marcou, o que foi um grande \u201cbalde de \u00e1gua fria\u201d para os azuis. Jo\u00e3o Cruz centrou, Sim\u00f5es interveio desajeitadamente e a bola sobrou para Daniel, que efetuou um bom remate.<\/p>\n<p>Os le\u00f5es animaram-se, e perante a tarde endiabrada de Mour\u00e3o, continuaram a assaltar a baliza belenense com afinco, mas Peyroteo n\u00e3o estava nos seus dias de rematador&#8230; Apesar disso o 2\u00ba golo surgiu aos 64 minutos. Peyroteo e Salvador correram \u00e0 bola mas o sportinguista chegou primeiro e endossou-a a Can\u00e1rio no meio. Este assistiu Jo\u00e3o Cruz, que ap\u00f3s driblar Sim\u00f5es concluiu o lance com um bom remate.<\/p>\n<p>Perante a evidente consterna\u00e7\u00e3o dos azuis julgou-se que a partida estaria resolvida, no entanto, um golo de Franklim logo a seguir voltou a baralhar as coisas e foi digna de ver a ardorosa luta entre a defesa sportinguista e o ataque belenense, que tentava empatar a todo o custo&#8230; O \u00faltimo quarto-de-hora foi alucinante, chegando-se a ver 21 homens na \u00e1rea verde e branca. O Sporting tentava e conseguia responder esporadicamente, sobretudo por a\u00e7\u00e3o de Mour\u00e3o.<\/p>\n<p>No final (2-1), p\u00f4de-se dizer que o Sporting foi mais pr\u00e1tico e eficaz, fazendo jus \u00e0 vit\u00f3ria. Na defesa ent\u00e3o esteve irrepreens\u00edvel, com Azevedo ao seu n\u00edvel, Cardoso e Barrosa imperiais. Os m\u00e9dios mostraram uma extraordin\u00e1ria capacidade de luta e Mour\u00e3o (foto de arquivo) fez a diferen\u00e7a no ataque.\u00a0O Belenenses perdeu as ilus\u00f5es do t\u00edtulo e, para o Sporting, tudo continuava a ser poss\u00edvel!<\/p>\n<div class=\"tweetthis\" style=\"text-align:left;\"><p> <a target=\"_blank\" rel=\"nofollow\" class=\"tt\" href=\"http:\/\/twitter.com\/home\/?status=1943+%E2%80%93+Um+%E2%80%9Cescaldante%E2%80%9D+Sporting-Belenenses+https%3A%2F%2Fis.gd%2F4SyNwv\" title=\"Post to Twitter\"><img decoding=\"async\" class=\"nothumb\" src=\"http:\/\/www.sportingcanal.com\/wp-content\/plugins\/tweet-this\/icons\/en\/twitter\/tt-twitter6.png\" alt=\"Post to Twitter\" \/><\/a><\/p><\/div>","protected":false},"excerpt":{"rendered":"<p>2 de Maio de 1943. Neste dia o Sporting recebeu o Belenenses para o Campeonato Nacional. A luta entre estas duas equipas e o Benfica estava no ponto de ebuli\u00e7\u00e3o. O Sporting havia conquistado a lideran\u00e7a h\u00e1 poucas semanas e vivia um per\u00edodo fulgurante, fazendo crer que uma vit\u00f3ria nesta partida poderia lan\u00e7ar definitivamente a [&hellip;]<\/p>\n","protected":false},"author":1,"featured_media":3239,"comment_status":"open","ping_status":"open","sticky":false,"template":"","format":"standard","meta":{"_et_pb_use_builder":"","_et_pb_old_content":"","_et_gb_content_width":"","footnotes":""},"categories":[4],"tags":[353,352,22,8,185,351],"_links":{"self":[{"href":"https:\/\/www.sportingcanal.com\/index.php?rest_route=\/wp\/v2\/posts\/3238"}],"collection":[{"href":"https:\/\/www.sportingcanal.com\/index.php?rest_route=\/wp\/v2\/posts"}],"about":[{"href":"https:\/\/www.sportingcanal.com\/index.php?rest_route=\/wp\/v2\/types\/post"}],"author":[{"embeddable":true,"href":"https:\/\/www.sportingcanal.com\/index.php?rest_route=\/wp\/v2\/users\/1"}],"replies":[{"embeddable":true,"href":"https:\/\/www.sportingcanal.com\/index.php?rest_route=%2Fwp%2Fv2%2Fcomments&post=3238"}],"version-history":[{"count":22,"href":"https:\/\/www.sportingcanal.com\/index.php?rest_route=\/wp\/v2\/posts\/3238\/revisions"}],"predecessor-version":[{"id":40080,"href":"https:\/\/www.sportingcanal.com\/index.php?rest_route=\/wp\/v2\/posts\/3238\/revisions\/40080"}],"wp:featuredmedia":[{"embeddable":true,"href":"https:\/\/www.sportingcanal.com\/index.php?rest_route=\/wp\/v2\/media\/3239"}],"wp:attachment":[{"href":"https:\/\/www.sportingcanal.com\/index.php?rest_route=%2Fwp%2Fv2%2Fmedia&parent=3238"}],"wp:term":[{"taxonomy":"category","embeddable":true,"href":"https:\/\/www.sportingcanal.com\/index.php?rest_route=%2Fwp%2Fv2%2Fcategories&post=3238"},{"taxonomy":"post_tag","embeddable":true,"href":"https:\/\/www.sportingcanal.com\/index.php?rest_route=%2Fwp%2Fv2%2Ftags&post=3238"}],"curies":[{"name":"wp","href":"https:\/\/api.w.org\/{rel}","templated":true}]}}