{"id":32460,"date":"2025-08-01T09:30:56","date_gmt":"2025-08-01T08:30:56","guid":{"rendered":"http:\/\/www.sportingcanal.com\/?p=32460"},"modified":"2025-08-02T17:54:14","modified_gmt":"2025-08-02T16:54:14","slug":"patricia-mamona-vice-campea-olimpica","status":"publish","type":"post","link":"https:\/\/www.sportingcanal.com\/?p=32460","title":{"rendered":"2021 &#8211; Patr\u00edcia Mamona, medalha de prata ol\u00edmpica!"},"content":{"rendered":"<p>1 de Agosto de 2021. Patr\u00edcia Mamona sagrou-se vice-campe\u00e3 Ol\u00edmpica do triplo salto! A portuguesa conquistou a medalha de prata em T\u00f3quio 2020, com um salto de 15m01cm. Bateu o recorde nacional por duas vezes e fez 4 dos melhores saltos da carreira na final.<\/p>\n<p>O desfile pelo Est\u00e1dio Ol\u00edmpico com a bandeira nas costas foi mais do que merecido para a portuguesa, que assim juntou a medalha Ol\u00edmpica aos 2 t\u00edtulos europeus (2016 e 2021) que j\u00e1 tinha no curr\u00edculo.<\/p>\n<p>&#8220;Estou nas nuvens, sem palavras. Parece tudo surreal. A primeira coisa que me vem \u00e0 cabe\u00e7a \u00e9 o meu treinador, a minha fam\u00edlia e este grande pa\u00eds que \u00e9 Portugal.\u00a0Vinha confiante da qualifica\u00e7\u00e3o e sabia que este seria um momento especial para mim. S\u00e3o 5 anos a trabalhar para este momento, 20 anos no triplo salto. Estou orgulhosa de todos, da rea\u00e7\u00e3o do p\u00fablico. Disseram que Portugal era um pa\u00eds pequeno, mas consegue coisas grandes. O apoio dos portugueses foi fundamental&#8221;.<\/p>\n<div class=\"tweetthis\" style=\"text-align:left;\"><p> <a target=\"_blank\" rel=\"nofollow\" class=\"tt\" href=\"http:\/\/twitter.com\/home\/?status=2021+%E2%80%93+Patr%C3%ADcia+Mamona%2C+medalha+de+prata+ol%C3%ADmpica%21+https%3A%2F%2Fis.gd%2F2VFCh1\" title=\"Post to Twitter\"><img decoding=\"async\" class=\"nothumb\" src=\"http:\/\/www.sportingcanal.com\/wp-content\/plugins\/tweet-this\/icons\/en\/twitter\/tt-twitter6.png\" alt=\"Post to Twitter\" \/><\/a><\/p><\/div>","protected":false},"excerpt":{"rendered":"<p>1 de Agosto de 2021. Patr\u00edcia Mamona sagrou-se vice-campe\u00e3 Ol\u00edmpica do triplo salto! A portuguesa conquistou a medalha de prata em T\u00f3quio 2020, com um salto de 15m01cm. Bateu o recorde nacional por duas vezes e fez 4 dos melhores saltos da carreira na final. O desfile pelo Est\u00e1dio Ol\u00edmpico com a bandeira nas costas [&hellip;]<\/p>\n","protected":false},"author":1,"featured_media":38395,"comment_status":"open","ping_status":"closed","sticky":false,"template":"","format":"standard","meta":{"_et_pb_use_builder":"","_et_pb_old_content":"","_et_gb_content_width":"","footnotes":""},"categories":[4],"tags":[86,125],"_links":{"self":[{"href":"https:\/\/www.sportingcanal.com\/index.php?rest_route=\/wp\/v2\/posts\/32460"}],"collection":[{"href":"https:\/\/www.sportingcanal.com\/index.php?rest_route=\/wp\/v2\/posts"}],"about":[{"href":"https:\/\/www.sportingcanal.com\/index.php?rest_route=\/wp\/v2\/types\/post"}],"author":[{"embeddable":true,"href":"https:\/\/www.sportingcanal.com\/index.php?rest_route=\/wp\/v2\/users\/1"}],"replies":[{"embeddable":true,"href":"https:\/\/www.sportingcanal.com\/index.php?rest_route=%2Fwp%2Fv2%2Fcomments&post=32460"}],"version-history":[{"count":6,"href":"https:\/\/www.sportingcanal.com\/index.php?rest_route=\/wp\/v2\/posts\/32460\/revisions"}],"predecessor-version":[{"id":38396,"href":"https:\/\/www.sportingcanal.com\/index.php?rest_route=\/wp\/v2\/posts\/32460\/revisions\/38396"}],"wp:featuredmedia":[{"embeddable":true,"href":"https:\/\/www.sportingcanal.com\/index.php?rest_route=\/wp\/v2\/media\/38395"}],"wp:attachment":[{"href":"https:\/\/www.sportingcanal.com\/index.php?rest_route=%2Fwp%2Fv2%2Fmedia&parent=32460"}],"wp:term":[{"taxonomy":"category","embeddable":true,"href":"https:\/\/www.sportingcanal.com\/index.php?rest_route=%2Fwp%2Fv2%2Fcategories&post=32460"},{"taxonomy":"post_tag","embeddable":true,"href":"https:\/\/www.sportingcanal.com\/index.php?rest_route=%2Fwp%2Fv2%2Ftags&post=32460"}],"curies":[{"name":"wp","href":"https:\/\/api.w.org\/{rel}","templated":true}]}}