{"id":32875,"date":"2025-05-31T09:00:02","date_gmt":"2025-05-31T08:00:02","guid":{"rendered":"http:\/\/www.sportingcanal.com\/?p=32875"},"modified":"2025-09-27T15:41:02","modified_gmt":"2025-09-27T14:41:02","slug":"bas-dost-ponta-de-lanca-mortifero","status":"publish","type":"post","link":"https:\/\/www.sportingcanal.com\/?p=32875","title":{"rendered":"Bas Dost \u2013 O \u201ctrov\u00e3o\u201d holand\u00eas"},"content":{"rendered":"<p>Bas Leon Dost nasceu a 31 de Maio de 1989 em Deventer nos Pa\u00edses Baixos. Come\u00e7ou por jogar no CVV Germanicus e aos 12 anos chegou ao FC Emmen (onde mais tarde se estreou como profissional), depois no Heracles, Heerenven (sempre com muitos golos) e chegou ao Wofsburgo onde realizou 4 razo\u00e1veis temporadas (chegou a internacional holand\u00eas) que o levaram ao Sporting.<\/p>\n<p>Ao Alvalade chegou na parte inicial da temporada 2016\/17 (proveniente do Wolfsburgo), para substituir Slimani (idolatrado pelos sportinguistas, que saiu para o Leicester). Estreou-se oficialmente a 10 de Setembro de 2016 numa rece\u00e7\u00e3o ao Moreirense a contar para a 4\u00aa jornada do Campeonato Nacional (3-0 e um golo marcado). Nessa 1\u00aa temporada no Sporting fez 36 golos (em 41 jogos), 34 dos quais no Campeonato Nacional (melhor marcador nacional, 2\u00ba melhor da Europa). Apesar de a equipa de Jorge Jesus nada ter conquistado, o holand\u00eas conquistou totalmente os sportinguistas pelo seu engodo pela baliza e alegria de jogar, e surgiu o c\u00e2ntico para ele baseado no Thundestruck dos AC\/DC!<\/p>\n<p>Na temporada seguinte, 2017\/18 manteve-se em alto n\u00edvel, fazendo muitos golos e uma \u201csociedade\u201d muito interessante com Bruno Fernandes. A 27 de Janeiro de 2018 marcou, em Braga, na final da Ta\u00e7a da Liga perante o Vit\u00f3ria de Set\u00fabal (1-1, triunfo nos penaltis). No in\u00edcio de Abril, ap\u00f3s uma derrota no Vicente Calder\u00f3n por 2-0 para a Liga Europa (ap\u00f3s a qual o presidente Bruno de Carvalho \u201cexplodiu\u201d no Facebook) as coisas entraram por caminhos estranhos, com um ambiente tenso que veio a ter o seu climax na \u201cinvas\u00e3o\u201d \u00e0 Academia onde o holand\u00eas foi dos futebolistas que ficou mais mal tratados (a sangrar da cabe\u00e7a). A temporada terminou pouco mais de 1 m\u00eas depois com uma derrota no Funchal na \u00faltima jornada do Campeonato (1-2, golo de Bas Dost) que afastou a equipa da Liga dos Campe\u00f5es, e depois a final da Ta\u00e7a de Portugal perdida para o Desportivo das Aves (!). Apesar de tudo somou mais 34 golos (em 49 jogos), voltando a ser, claramente, o melhor marcador da equipa (2\u00ba no Campeonato, com 27 golos, atr\u00e1s do benfiquista Jonas).<\/p>\n<p>Bas Dost foi ent\u00e3o um dos futebolistas que rescindiu contrato, mas Sousa Cintra conseguiu demov\u00ea-lo e faz\u00ea-lo assinar um novo v\u00ednculo ao clube.<\/p>\n<p>2018\/19 come\u00e7ou ent\u00e3o com a Comiss\u00e3o de Gest\u00e3o presidida por Sousa Cintra e o treinador Jos\u00e9 Peseiro. Apesar de ter um conjunto de jogadores de alt\u00edssimo n\u00edvel, o Sporting n\u00e3o come\u00e7ou bem, e Peseiro acabou substituido por Tiago Fernandes e logo a seguir Marcel Keizer que orientou a equipa em grande parte da temporada.<\/p>\n<p>Os le\u00f5es conquistaram a Ta\u00e7a da Liga (1-1 frente ao FC Porto \u2013 golo de Bas Dost \u2013 e triunfo nos penaltis) e a Ta\u00e7a de Portugal (2-2 frente ao FC Porto, um dos golos de Bas Dost &#8211; viria a ser o seu \u00faltimo no Sporting \u2013 e triunfo nos penaltis). O holand\u00eas fez uma \u00e9poca menos fulgurante (chegou a ser preterido por Luiz Phellype, com quem lutou pela titularidade em boa parte da temporada) \u2013 23 golos em 35 jogos (foi o 2\u00ba marcador da equipa a seguir a Bruno Fernandes).<\/p>\n<p>Bas Dost ainda come\u00e7ou a temporada seguinte (19\/20), mas fez apenas 2 jogos. Jogou pela \u00faltima vez a 11 de Agosto de 2019 (com Marcel Keizer) no Funchal frente ao Mar\u00edtimo (1-1) na 1\u00aa jornada do Campeonato Nacional. Saiu ent\u00e3o para o Eintracht de Frankfurt por apenas 6 milh\u00f5es de euros (um valor de saldo que nunca ningu\u00e9m compreendeu)<\/p>\n<p>Totalizou 127 jogos oficiais e 93 golos de verde e branco (18\u00ba melhor goleador da Hist\u00f3ria do clube \u2013 10\u00ba melhor em termos de m\u00e9dia de golos marcado por jogo &#8211; em jogadores com, pelo menos, 30 jogos). Foi o melhor marcador do clube em 2 temporadas, melhor do Campeonato e bota de prata europeu em 2016\/17. Ganhou 1 Ta\u00e7a de Portugal e 2 Ta\u00e7as da Liga.<\/p>\n<p>Depois de Frankfurt rumou ao FC Brugges, FC Ultrecht e NEC. Em todos estes clubes esteve a um n\u00edvel razo\u00e1vel mas nunca no mesmo plano dos magn\u00edficos anos no Alvalade onde, definitivamente, deixou muitas saudades!<\/p>\n<p>Problemas card\u00edacos fizeram-nos abandonar o Futebol definitivamente em Setembro de 2025.<\/p>\n<table border=\"1\" width=\"432\" cellspacing=\"0\" cellpadding=\"0\">\n<tbody>\n<tr>\n<td colspan=\"8\" valign=\"top\" width=\"432\"><strong>GOLOS de BAS DOST no SPORTING<\/strong><\/td>\n<\/tr>\n<tr>\n<td valign=\"top\" width=\"73\">\u00c9POCA<\/td>\n<td valign=\"top\" width=\"47\">LC<\/td>\n<td valign=\"top\" width=\"38\">LE<\/td>\n<td valign=\"top\" width=\"53\">CN<\/td>\n<td valign=\"top\" width=\"53\">TP<\/td>\n<td valign=\"top\" width=\"53\">TL<\/td>\n<td valign=\"top\" width=\"49\">ST<\/td>\n<td valign=\"top\" width=\"66\">TOTAL<\/td>\n<\/tr>\n<tr>\n<td valign=\"top\" width=\"73\">2016\/17<\/td>\n<td valign=\"top\" width=\"47\">1<\/td>\n<td valign=\"top\" width=\"38\">&#8211;<\/td>\n<td valign=\"top\" width=\"53\">34<\/td>\n<td valign=\"top\" width=\"53\">1<\/td>\n<td valign=\"top\" width=\"53\">0<\/td>\n<td valign=\"top\" width=\"49\">&#8211;<\/td>\n<td valign=\"top\" width=\"66\">36<\/td>\n<\/tr>\n<tr>\n<td valign=\"top\" width=\"73\">2017\/18<\/td>\n<td valign=\"top\" width=\"47\">3<\/td>\n<td valign=\"top\" width=\"38\">1<\/td>\n<td valign=\"top\" width=\"53\">27<\/td>\n<td valign=\"top\" width=\"53\">2<\/td>\n<td valign=\"top\" width=\"53\">1<\/td>\n<td valign=\"top\" width=\"49\">&#8211;<\/td>\n<td valign=\"top\" width=\"66\">34<\/td>\n<\/tr>\n<tr>\n<td valign=\"top\" width=\"73\">2018\/19<\/td>\n<td valign=\"top\" width=\"47\">&#8211;<\/td>\n<td valign=\"top\" width=\"38\">1<\/td>\n<td valign=\"top\" width=\"53\">15<\/td>\n<td valign=\"top\" width=\"53\">5<\/td>\n<td valign=\"top\" width=\"53\">2<\/td>\n<td valign=\"top\" width=\"49\">&#8211;<\/td>\n<td valign=\"top\" width=\"66\">23<\/td>\n<\/tr>\n<tr>\n<td valign=\"top\" width=\"73\">2019\/20<\/td>\n<td valign=\"top\" width=\"47\">&#8211;<\/td>\n<td valign=\"top\" width=\"38\">&#8211;<\/td>\n<td valign=\"top\" width=\"53\">0<\/td>\n<td valign=\"top\" width=\"53\">&#8211;<\/td>\n<td valign=\"top\" width=\"53\">&#8211;<\/td>\n<td valign=\"top\" width=\"49\">0<\/td>\n<td valign=\"top\" width=\"66\">0<\/td>\n<\/tr>\n<tr>\n<td valign=\"top\" width=\"73\"><strong>Total<\/strong><\/td>\n<td valign=\"top\" width=\"47\"><strong>4<\/strong><\/td>\n<td valign=\"top\" width=\"38\"><strong>2<\/strong><\/td>\n<td valign=\"top\" width=\"53\"><strong>76<\/strong><\/td>\n<td valign=\"top\" width=\"53\"><strong>8<\/strong><\/td>\n<td valign=\"top\" width=\"53\"><strong>3<\/strong><\/td>\n<td valign=\"top\" width=\"49\"><strong>0<\/strong><\/td>\n<td valign=\"top\" width=\"66\"><strong>93<\/strong><\/td>\n<\/tr>\n<\/tbody>\n<\/table>\n<div class=\"tweetthis\" style=\"text-align:left;\"><p> <a target=\"_blank\" rel=\"nofollow\" class=\"tt\" href=\"http:\/\/twitter.com\/home\/?status=Bas+Dost+%E2%80%93+O+%E2%80%9Ctrov%C3%A3o%E2%80%9D+holand%C3%AAs+https%3A%2F%2Fis.gd%2FuoUn9V\" title=\"Post to Twitter\"><img decoding=\"async\" class=\"nothumb\" src=\"http:\/\/www.sportingcanal.com\/wp-content\/plugins\/tweet-this\/icons\/en\/twitter\/tt-twitter6.png\" alt=\"Post to Twitter\" \/><\/a><\/p><\/div>","protected":false},"excerpt":{"rendered":"<p>Bas Leon Dost nasceu a 31 de Maio de 1989 em Deventer nos Pa\u00edses Baixos. Come\u00e7ou por jogar no CVV Germanicus e aos 12 anos chegou ao FC Emmen (onde mais tarde se estreou como profissional), depois no Heracles, Heerenven (sempre com muitos golos) e chegou ao Wofsburgo onde realizou 4 razo\u00e1veis temporadas (chegou a [&hellip;]<\/p>\n","protected":false},"author":1,"featured_media":37764,"comment_status":"open","ping_status":"closed","sticky":false,"template":"","format":"standard","meta":{"_et_pb_use_builder":"","_et_pb_old_content":"","_et_gb_content_width":"","footnotes":""},"categories":[63],"tags":[66,8],"_links":{"self":[{"href":"https:\/\/www.sportingcanal.com\/index.php?rest_route=\/wp\/v2\/posts\/32875"}],"collection":[{"href":"https:\/\/www.sportingcanal.com\/index.php?rest_route=\/wp\/v2\/posts"}],"about":[{"href":"https:\/\/www.sportingcanal.com\/index.php?rest_route=\/wp\/v2\/types\/post"}],"author":[{"embeddable":true,"href":"https:\/\/www.sportingcanal.com\/index.php?rest_route=\/wp\/v2\/users\/1"}],"replies":[{"embeddable":true,"href":"https:\/\/www.sportingcanal.com\/index.php?rest_route=%2Fwp%2Fv2%2Fcomments&post=32875"}],"version-history":[{"count":12,"href":"https:\/\/www.sportingcanal.com\/index.php?rest_route=\/wp\/v2\/posts\/32875\/revisions"}],"predecessor-version":[{"id":40206,"href":"https:\/\/www.sportingcanal.com\/index.php?rest_route=\/wp\/v2\/posts\/32875\/revisions\/40206"}],"wp:featuredmedia":[{"embeddable":true,"href":"https:\/\/www.sportingcanal.com\/index.php?rest_route=\/wp\/v2\/media\/37764"}],"wp:attachment":[{"href":"https:\/\/www.sportingcanal.com\/index.php?rest_route=%2Fwp%2Fv2%2Fmedia&parent=32875"}],"wp:term":[{"taxonomy":"category","embeddable":true,"href":"https:\/\/www.sportingcanal.com\/index.php?rest_route=%2Fwp%2Fv2%2Fcategories&post=32875"},{"taxonomy":"post_tag","embeddable":true,"href":"https:\/\/www.sportingcanal.com\/index.php?rest_route=%2Fwp%2Fv2%2Ftags&post=32875"}],"curies":[{"name":"wp","href":"https:\/\/api.w.org\/{rel}","templated":true}]}}