{"id":32885,"date":"2025-12-28T08:00:09","date_gmt":"2025-12-28T07:00:09","guid":{"rendered":"http:\/\/www.sportingcanal.com\/?p=32885"},"modified":"2025-12-28T20:22:10","modified_gmt":"2025-12-28T19:22:10","slug":"nuno-dias-o-melhor-treinador-da-historia-do-sporting-cp","status":"publish","type":"post","link":"https:\/\/www.sportingcanal.com\/?p=32885","title":{"rendered":"Nuno Dias \u2013 O melhor treinador da Hist\u00f3ria do Sporting CP!"},"content":{"rendered":"<p>Nuno S\u00e9rgio dos Santos Dias nasceu a 28 de Dezembro de 1972 em Poutena \u2013 Vilarinho do Bairro &#8211; Anadia. Come\u00e7ou a praticar desporto pelo Basquetebol, ainda era uma crian\u00e7a, mas rapidamente passou para o Futebol, no Marialvas, clube onde chegou aos seniores. A necessidade de compatibilizar o desporto com os estudos no seu \u00faltimo ano de curso f\u00ea-lo enveredar pelo Futsal, ingressando na Acad\u00e9mica (onde ficou 1 ano). Logo a seguir ingressou no Instituto D. Jo\u00e3o V onde deu nas vistas, sendo chamado \u00e0 Selec\u00e7\u00e3o Nacional, e onde iniciou mais tarde a carreira de treinador, na \u00e9poca de 2006\/07 \u2013 como tal chegou por duas vezes \u00e0s meias-finais do play-off do Campeonato Nacional e uma vez \u00e0s meias-finais da Ta\u00e7a de Portugal.<\/p>\n<p>Na \u00e9poca 2011\/12 esteve na R\u00fassia como adjunto de Paulo Tavares no CSKA de Moscovo, e a 2 de Julho de 2012 foi apresentado como novo treinador da equipa de Futsal do Sporting CP, sucedendo a\u00a0Orlando Duarte, naquela que foi, certamente, uma das medidas mais importantes de sempre da Hist\u00f3ria do Sporting.<\/p>\n<p>A sua primeira \u00e9poca foi marcada pelo dom\u00ednio total da modalidade em Portugal (37 vit\u00f3rias em 39 jogos!), com a conquista do Campeonato Nacional (11\u00ba &#8211; 3-1 na Luz ao 4\u00ba jogo) e da Ta\u00e7a de Portugal (4\u00aa \u2013 7-1 ao Braga).<\/p>\n<p>Em 2013 foi distinguido com o\u00a0Pr\u00e9mio Stromp na categoria &#8220;T\u00e9cnico&#8221;.<\/p>\n<p>Na temporada seguinte (2013\/14)\u00a0come\u00e7ou logo com duas conquistas &#8211; a Ta\u00e7a de Honra da AFL (a 1\u00aa realizada \u2013 3-2 ao Benfica) e a Superta\u00e7a (5\u00aa \u2013 4-1 ao Braga), mantendo na equipa um esquema que privilegia a posse de bola e que coloca forte press\u00e3o sobre o advers\u00e1rio. Mais tarde conquistou o Campeonato Nacional (4-3 ao Fund\u00e3o no 4\u00ba jogo), o 2\u00ba para Nuno Dias e o 12\u00ba para os Le\u00f5es.<\/p>\n<p>No dia 12 de Outubro de 2013 foi considerado &#8220;Personalidade Desportiva do Ano&#8221;, na 3\u00aa Gala do Desporto, organizada pelo Jornal da Bairrada em parceria com a C\u00e2mara Municipal de Oliveira do Bairro, realizada no Pavilh\u00e3o Municipal de Oliveira do Bairro.<\/p>\n<p>Em 2014 foi distinguido pela 2\u00aa vez com o\u00a0Pr\u00e9mio Stromp na categoria &#8220;T\u00e9cnico&#8221; e recebeu o pr\u00e9mio\u00a0Le\u00f5es Honoris Sporting na categoria Treinador do Ano nas Modalidades.<\/p>\n<p>Na \u00e9poca de\u00a02014\/15 Nuno Dias apostou no refor\u00e7o da equipa com 5 novos jogadores procurando um maior leque de op\u00e7\u00e3o t\u00e1cticas. Tal aposta come\u00e7ou por render a maior goleada de sempre em finais da Superta\u00e7a (6\u00aa \u2013 7-0 ao Fund\u00e3o), mas essa seria a \u00fanica conquista dessa temporada.<\/p>\n<p>Para a \u00e9poca de\u00a02015\/16 Nuno Dias realizou uma profunda reestrutura\u00e7\u00e3o no plantel e a equipa passou a praticar um Futsal mais direto, tendo conquistado todas as 4 competi\u00e7\u00f5es oficiais em que participou, Campeonato Nacional (13\u00ba &#8211; 2-1 na Luz ao 4\u00ba jogo), Ta\u00e7a de Portugal (5\u00aa \u2013 4-2 ao Benfica), Ta\u00e7a da Liga (1\u00aa edi\u00e7\u00e3o da prova, com 2-0 ao Fund\u00e3o) e Ta\u00e7a de Honra da AFL (3-2 aos Le\u00f5es de Porto Salvo).<\/p>\n<p>A 24 de Novembro de 2015 defendeu &#8220;com distin\u00e7\u00e3o&#8221;, na Universidade da Beira Interior, a sua disserta\u00e7\u00e3o de mestrado sobre a &#8220;Representatividade dos Exerc\u00edcios de Treino em Rela\u00e7\u00e3o ao Jogo no Futsal&#8221;, que teve como orientador Bruno Travassos, ent\u00e3o docente na institui\u00e7\u00e3o da Covilh\u00e3 e t\u00e9cnico da AD do Fund\u00e3o. Nuno Dias concluiu o mestrado, com 17 valores.<\/p>\n<p>Em 2016 recebeu o pr\u00e9mio\u00a0Le\u00f5es Honoris Sporting pela 2\u00aa vez\u00a0na categoria Treinador do Ano nas Modalidades.<\/p>\n<p>Em\u00a02016\/17, a n\u00edvel interno, a equipa perdeu apenas 1 jogo dos 34 do campeonato, tendo o treinador leonino conquistado o seu 4\u00ba t\u00edtulo nacional (14\u00ba do clube &#8211; 3-1 em Braga ao 4\u00ba jogo) em 5 anos no Alvalade e em termos internacionais atingido pela primeira vez a final da UEFA Futsal Cup (0-7 frente ao Inter Movistar).<\/p>\n<p>Na \u00e9poca\u00a02017\/18 Nuno Dias conduziu os le\u00f5es \u00e0 conquista do Tricampeonato (15\u00ba t\u00edtulo, com 3-3 e vit\u00f3ria nos penaltis frente ao Benfica no 5\u00ba jogo), algo que o\u00a0Sporting n\u00e3o conseguia desde 1995. Pelo caminho a equipa leonina estabeleceu ainda um novo recorde de pontua\u00e7\u00e3o na fase regular do campeonato, consentindo apenas 1 empate nos 26 jogos disputados. A conquista do Campeonato juntou-se \u00e0s conquistas da Ta\u00e7a de Portugal (6\u00aa \u2013 6-2 ao Fabril do Barreiro) e da Superta\u00e7a (7\u00aa \u2013 3-2 ao Benfica), formando assim um &#8220;triplete&#8221;, algo que s\u00f3 tinha acontecido por uma vez na Hist\u00f3ria do\u00a0Sporting.<\/p>\n<p>Em\u00a02018\/19 conseguiu finalmente levar o Sporting \u00e0 conquista da\u00a0Liga dos Campe\u00f5es (2-1 ao Kairat Almaty)\u00a0numa temporada em que tamb\u00e9m ganhou a Superta\u00e7a (8\u00aa, com 11-0 ao Fabril do Barreiro) e a Ta\u00e7a de Portugal (7\u00aa \u2013 vit\u00f3ria nos penaltis ap\u00f3s 5-5 com o Benfica).<\/p>\n<p>A 19 de Fevereiro de 2018 foi agraciado pela Faculdade de Ci\u00eancias do Desporto e de Educa\u00e7\u00e3o F\u00edsica da Universidade de Coimbra com o Pr\u00e9mio Carreira 2018.<\/p>\n<p>No dia 19 de Mar\u00e7o de 2018 recebeu o pr\u00e9mio de treinador do ano na Gala &#8220;Quinas de Ouro&#8221; da Federa\u00e7\u00e3o Portuguesa de Futebol, e nesse mesmo ano foi considerado o melhor treinador do Mundo!<\/p>\n<p>Em 2019 foi distinguido pela 3\u00aa vez com o\u00a0Pr\u00e9mio Stromp na categoria &#8220;T\u00e9cnico&#8221;.<\/p>\n<p>2019\/20 come\u00e7ou da melhor forma com a conquista da 9\u00aa Superta\u00e7a (6-2 ao Benfica). Depois veio a Pandemia da COVID 19 e algumas competi\u00e7\u00f5es foram canceladas. Em final do ano de 2020 os leoes ainda conquistaram a sua 8\u00aa Ta\u00e7a de Portugal com 7-1 ao Braga.<\/p>\n<p>Em 2020\/21, ainda sob o signo da Pandemia, os le\u00f5es venceram a sua 3\u00aa Ta\u00e7a da Liga com 6-2 ao Benfica. Em Maio veio a conquista da UEFA Futsal Cup, campe\u00f5es Europeus pela 2\u00aa vez, com 4-3 ao FC Barcelona e o 16\u00ba t\u00edtulo nacional com 6-2 na Luz ao Benfica no 4\u00ba jogo!<\/p>\n<p>Em 2021\/22, &#8220;folha limpa&#8221; a n\u00edvel nacional! &#8211; 10\u00aa Superta\u00e7a conquistada com 7-2 ao Benfica, 4\u00aa Ta\u00e7a da Liga com 5-2 aos encarnados, 9\u00aa Ta\u00e7a de Portugal com 4-3 ao Benfica e 17\u00ba Campeonato Nacional com 4-3 ao Benfica (3-0 em jogos).<\/p>\n<p>Em 2022\/23 o Sporting conquistou a sua 11\u00aa Superta\u00e7a ao vencer o Benfica nos penaltis ap\u00f3s um 4-4 no final do prolongamento e o 18\u00ba Campeonato Nacional!<\/p>\n<p>Em 2023\/24 venceu a 5\u00aa Ta\u00e7a da Liga (4-2 ao Benfica) e a 7\u00aa Ta\u00e7a de Portugal (4-3 ao Benfica).<\/p>\n<p>Esta temporada j\u00e1 conquistou a 12\u00aa Superta\u00e7a (6-1 ao Benfica!)<\/p>\n<p>Esta \u00e9 uma Hist\u00f3ria que vai continuar. Nuno Dias \u00e9 certamente j\u00e1 o melhor treinador da Hist\u00f3ria do Sporting Clube de Portugal (referimo-nos obviamente a todas as modalidades) e muito provavelmente o melhor t\u00e9cnico de Futsal de sempre a n\u00edvel mundial.<\/p>\n<div class=\"tweetthis\" style=\"text-align:left;\"><p> <a target=\"_blank\" rel=\"nofollow\" class=\"tt\" href=\"http:\/\/twitter.com\/home\/?status=Nuno+Dias+%E2%80%93+O+melhor+treinador+da+Hist%C3%B3ria+do+Sporting+CP%21+https%3A%2F%2Fis.gd%2Fk47O8O\" title=\"Post to Twitter\"><img decoding=\"async\" class=\"nothumb\" src=\"http:\/\/www.sportingcanal.com\/wp-content\/plugins\/tweet-this\/icons\/en\/twitter\/tt-twitter6.png\" alt=\"Post to Twitter\" \/><\/a><\/p><\/div>","protected":false},"excerpt":{"rendered":"<p>Nuno S\u00e9rgio dos Santos Dias nasceu a 28 de Dezembro de 1972 em Poutena \u2013 Vilarinho do Bairro &#8211; Anadia. Come\u00e7ou a praticar desporto pelo Basquetebol, ainda era uma crian\u00e7a, mas rapidamente passou para o Futebol, no Marialvas, clube onde chegou aos seniores. A necessidade de compatibilizar o desporto com os estudos no seu \u00faltimo [&hellip;]<\/p>\n","protected":false},"author":1,"featured_media":32886,"comment_status":"open","ping_status":"closed","sticky":false,"template":"","format":"standard","meta":{"_et_pb_use_builder":"","_et_pb_old_content":"","_et_gb_content_width":"","footnotes":""},"categories":[63],"tags":[],"_links":{"self":[{"href":"https:\/\/www.sportingcanal.com\/index.php?rest_route=\/wp\/v2\/posts\/32885"}],"collection":[{"href":"https:\/\/www.sportingcanal.com\/index.php?rest_route=\/wp\/v2\/posts"}],"about":[{"href":"https:\/\/www.sportingcanal.com\/index.php?rest_route=\/wp\/v2\/types\/post"}],"author":[{"embeddable":true,"href":"https:\/\/www.sportingcanal.com\/index.php?rest_route=\/wp\/v2\/users\/1"}],"replies":[{"embeddable":true,"href":"https:\/\/www.sportingcanal.com\/index.php?rest_route=%2Fwp%2Fv2%2Fcomments&post=32885"}],"version-history":[{"count":14,"href":"https:\/\/www.sportingcanal.com\/index.php?rest_route=\/wp\/v2\/posts\/32885\/revisions"}],"predecessor-version":[{"id":40274,"href":"https:\/\/www.sportingcanal.com\/index.php?rest_route=\/wp\/v2\/posts\/32885\/revisions\/40274"}],"wp:featuredmedia":[{"embeddable":true,"href":"https:\/\/www.sportingcanal.com\/index.php?rest_route=\/wp\/v2\/media\/32886"}],"wp:attachment":[{"href":"https:\/\/www.sportingcanal.com\/index.php?rest_route=%2Fwp%2Fv2%2Fmedia&parent=32885"}],"wp:term":[{"taxonomy":"category","embeddable":true,"href":"https:\/\/www.sportingcanal.com\/index.php?rest_route=%2Fwp%2Fv2%2Fcategories&post=32885"},{"taxonomy":"post_tag","embeddable":true,"href":"https:\/\/www.sportingcanal.com\/index.php?rest_route=%2Fwp%2Fv2%2Ftags&post=32885"}],"curies":[{"name":"wp","href":"https:\/\/api.w.org\/{rel}","templated":true}]}}