{"id":32891,"date":"2025-06-03T08:30:26","date_gmt":"2025-06-03T07:30:26","guid":{"rendered":"http:\/\/www.sportingcanal.com\/?p=32891"},"modified":"2025-06-02T17:17:14","modified_gmt":"2025-06-02T16:17:14","slug":"paulo-freitas-um-campeao-que-revolucionou-o-hoquei-do-sporting","status":"publish","type":"post","link":"https:\/\/www.sportingcanal.com\/?p=32891","title":{"rendered":"Paulo Freitas \u2013 Um campe\u00e3o que revolucionou o H\u00f3quei do Sporting!"},"content":{"rendered":"<p>Jo\u00e3o Paulo Freitas nasceu a 3 de Junho de 1968 no Porto. Foi guarda-redes de H\u00f3quei em Patins, tendo chegado aos seniores do FC Porto, onde iniciou a sua carreira de treinador nas camadas jovens (de 2001 a 2004).<\/p>\n<p>A seguir treinou o Acad\u00e9mico da Feira de 2004 a 2006, a Acad\u00e9mica de Espinho entre 2006 e 2011, e ap\u00f3s uma pausa de 2 anos assumiu o \u00d3quei Clube de Barcelos, onde esteve entre 2013 e 2017, tendo conquistado 1 Ta\u00e7a CERS na \u00e9poca 2015\/16.<\/p>\n<p>A 14 de Mar\u00e7o de 2017 foi contratado pelo Sporting e transformou a modalidade no clube! A equipa leonina passou a ser um conjunto com uma cren\u00e7a inabal\u00e1vel e uma atitude incompar\u00e1vel.<\/p>\n<p>Com alguma naturalidade os t\u00edtulos foram surgindo, fruto de uma organiza\u00e7\u00e3o e de um querer not\u00e1veis, para al\u00e9m de um conjunto de jogadores de grande classe.<\/p>\n<p>A 2 de Junho de 2018 o Sporting voltava a ser Campe\u00e3o Nacional (30 anos depois!). Foi o 8\u00ba Campeonato Nacional com um triunfo por 4-3 frente ao FC Porto no Jo\u00e3o Rocha.<\/p>\n<p>Logo no in\u00edcio da temporada seguinte, a 30 de setembro de 2018 \u2013 2\u00aa Elite Cup para o nosso Museu, com 5-4 \u00e0 Oliveirense. No entanto o melhor ainda estava por vir nessa 2018\/19, com a conquista, pela 2\u00aa vez, da Liga dos Campe\u00f5es (42 anos depois!) com 5-2 ao FC Porto no Pavilh\u00e3o Jo\u00e3o Rocha!<\/p>\n<p>2019\/20 come\u00e7ou com a conquista da 1\u00aa Ta\u00e7a Continental (Superta\u00e7a Europeia) \u2013 3-2 ao FC Porto. Nesse 2019 Paulo Freitas foi distinguido com o\u00a0Pr\u00e9mio Stromp na categoria T\u00e9cnico.<\/p>\n<p>J\u00e1 em tempos de Pandemia, a 16 de Maio de 2021 os le\u00f5es bisaram na Liga dos Campe\u00f5es (3\u00ba t\u00edtulo) com um triunfo muito dif\u00edcil por 4-3ap frente ao FC Porto no Luso. A 20 de Junho do mesmo ano, 9\u00ba Campeonato Nacional, concretizado ao 4\u00ba jogo da final do playoff com um triunfo por 6-5 no Drag\u00e3o perante o FC Porto!<\/p>\n<p>2021\/22 come\u00e7ou da melhor forma, com a conquista da 2\u00aa Ta\u00e7a Continental (Superta\u00e7a Europeia) \u2013 3-1 ao Lleida!<\/p>\n<p>A 13 de Janeiro de 2022 foi eleito o melhor treinador do Mundo em 2021 pelo portal espanhol Mundo Hockey, vencendo tanto na vota\u00e7\u00e3o da imprensa como na dos adeptos. No final da temporada saiu do clube e\u00a0pouco tempo depois regressou ao comando do \u00d3quei Clube de Barcelos.<\/p>\n<p>O curr\u00edculo de Paulo Freitas no Sporting CP fala por si, fazendo dele uma das grandes figuras da Hist\u00f3ria do H\u00f3quei leonino, portugu\u00eas e mundial.<\/p>\n<div class=\"tweetthis\" style=\"text-align:left;\"><p> <a target=\"_blank\" rel=\"nofollow\" class=\"tt\" href=\"http:\/\/twitter.com\/home\/?status=Paulo+Freitas+%E2%80%93+Um+campe%C3%A3o+que+revolucionou+o+H%C3%B3quei+do+Sporting%21+https%3A%2F%2Fis.gd%2Fau1Qn4\" title=\"Post to Twitter\"><img decoding=\"async\" class=\"nothumb\" src=\"http:\/\/www.sportingcanal.com\/wp-content\/plugins\/tweet-this\/icons\/en\/twitter\/tt-twitter6.png\" alt=\"Post to Twitter\" \/><\/a><\/p><\/div>","protected":false},"excerpt":{"rendered":"<p>Jo\u00e3o Paulo Freitas nasceu a 3 de Junho de 1968 no Porto. Foi guarda-redes de H\u00f3quei em Patins, tendo chegado aos seniores do FC Porto, onde iniciou a sua carreira de treinador nas camadas jovens (de 2001 a 2004). A seguir treinou o Acad\u00e9mico da Feira de 2004 a 2006, a Acad\u00e9mica de Espinho entre [&hellip;]<\/p>\n","protected":false},"author":1,"featured_media":37834,"comment_status":"open","ping_status":"closed","sticky":false,"template":"","format":"standard","meta":{"_et_pb_use_builder":"","_et_pb_old_content":"","_et_gb_content_width":"","footnotes":""},"categories":[63],"tags":[14],"_links":{"self":[{"href":"https:\/\/www.sportingcanal.com\/index.php?rest_route=\/wp\/v2\/posts\/32891"}],"collection":[{"href":"https:\/\/www.sportingcanal.com\/index.php?rest_route=\/wp\/v2\/posts"}],"about":[{"href":"https:\/\/www.sportingcanal.com\/index.php?rest_route=\/wp\/v2\/types\/post"}],"author":[{"embeddable":true,"href":"https:\/\/www.sportingcanal.com\/index.php?rest_route=\/wp\/v2\/users\/1"}],"replies":[{"embeddable":true,"href":"https:\/\/www.sportingcanal.com\/index.php?rest_route=%2Fwp%2Fv2%2Fcomments&post=32891"}],"version-history":[{"count":7,"href":"https:\/\/www.sportingcanal.com\/index.php?rest_route=\/wp\/v2\/posts\/32891\/revisions"}],"predecessor-version":[{"id":37836,"href":"https:\/\/www.sportingcanal.com\/index.php?rest_route=\/wp\/v2\/posts\/32891\/revisions\/37836"}],"wp:featuredmedia":[{"embeddable":true,"href":"https:\/\/www.sportingcanal.com\/index.php?rest_route=\/wp\/v2\/media\/37834"}],"wp:attachment":[{"href":"https:\/\/www.sportingcanal.com\/index.php?rest_route=%2Fwp%2Fv2%2Fmedia&parent=32891"}],"wp:term":[{"taxonomy":"category","embeddable":true,"href":"https:\/\/www.sportingcanal.com\/index.php?rest_route=%2Fwp%2Fv2%2Fcategories&post=32891"},{"taxonomy":"post_tag","embeddable":true,"href":"https:\/\/www.sportingcanal.com\/index.php?rest_route=%2Fwp%2Fv2%2Ftags&post=32891"}],"curies":[{"name":"wp","href":"https:\/\/api.w.org\/{rel}","templated":true}]}}