{"id":32903,"date":"2025-08-21T03:21:56","date_gmt":"2025-08-21T02:21:56","guid":{"rendered":"http:\/\/www.sportingcanal.com\/?p=32903"},"modified":"2025-08-21T12:48:07","modified_gmt":"2025-08-21T11:48:07","slug":"2016-campeoes-nacionais-de-futebol-de-praia-pela-2%c2%aa-vez","status":"publish","type":"post","link":"https:\/\/www.sportingcanal.com\/?p=32903","title":{"rendered":"2016 \u2013 Campe\u00f5es Nacionais de Futebol de Praia pela 2\u00aa vez!"},"content":{"rendered":"<p>21 de Agosto de 2016. Neste dia, no Parque Urbano de Albarquel em Set\u00fabal, o Sporting sagrou-se pela 2\u00aa vez Campe\u00e3o Nacional de Futebol de Praia ao bater na final da competi\u00e7\u00e3o o Sp. Braga por 7-4.<\/p>\n<p>Para chegar a esta final os le\u00f5es tinham-se classificado no 3\u00ba lugar na Fase Regular, batendo depois nos quartos-de-final o Varzim por 5-4 e nas meias-finais o CB Loures por 4-2.<\/p>\n<p>O treinador da equipa era M\u00e1rio Miguel Faro e a grande figura o incompar\u00e1vel Madjer. Datinha foi o jogador leonino em destaque na partida decisiva ao apontar 4 golos!<\/p>\n<p>O plantel leonino era formado por Jo\u00e3o Vaz, David Pedreiro, Diogo Catarino, David Martins, Duarte Vivo, David Pereira, Rui Coimbra, Andr\u00e9 Peixoto, Mathew Santos, David Cosmeli, Tiago Petrony, Ricardo Baptista, Marinho, Bruno Xavier, Nelito, Dona, Rudy Viana, Eduardo Farinha, L\u00facio Carmo, Bernardo Capelo, e os j\u00e1 referido Madjer e Datinha.<\/p>\n<p><a href=\"https:\/\/www.youtube.com\/watch?v=KJSYSLwpAGw\">v\u00eddeo<\/a><\/p>\n<div class=\"tweetthis\" style=\"text-align:left;\"><p> <a target=\"_blank\" rel=\"nofollow\" class=\"tt\" href=\"http:\/\/twitter.com\/home\/?status=2016+%E2%80%93+Campe%C3%B5es+Nacionais+de+Futebol+de+Praia+pela+2%C2%AA+vez%21+https%3A%2F%2Fis.gd%2FmVZPiq\" title=\"Post to Twitter\"><img decoding=\"async\" class=\"nothumb\" src=\"http:\/\/www.sportingcanal.com\/wp-content\/plugins\/tweet-this\/icons\/en\/twitter\/tt-twitter6.png\" alt=\"Post to Twitter\" \/><\/a><\/p><\/div>","protected":false},"excerpt":{"rendered":"<p>21 de Agosto de 2016. Neste dia, no Parque Urbano de Albarquel em Set\u00fabal, o Sporting sagrou-se pela 2\u00aa vez Campe\u00e3o Nacional de Futebol de Praia ao bater na final da competi\u00e7\u00e3o o Sp. Braga por 7-4. Para chegar a esta final os le\u00f5es tinham-se classificado no 3\u00ba lugar na Fase Regular, batendo depois nos [&hellip;]<\/p>\n","protected":false},"author":1,"featured_media":38534,"comment_status":"open","ping_status":"closed","sticky":false,"template":"","format":"standard","meta":{"_et_pb_use_builder":"","_et_pb_old_content":"","_et_gb_content_width":"","footnotes":""},"categories":[17],"tags":[22,87],"_links":{"self":[{"href":"https:\/\/www.sportingcanal.com\/index.php?rest_route=\/wp\/v2\/posts\/32903"}],"collection":[{"href":"https:\/\/www.sportingcanal.com\/index.php?rest_route=\/wp\/v2\/posts"}],"about":[{"href":"https:\/\/www.sportingcanal.com\/index.php?rest_route=\/wp\/v2\/types\/post"}],"author":[{"embeddable":true,"href":"https:\/\/www.sportingcanal.com\/index.php?rest_route=\/wp\/v2\/users\/1"}],"replies":[{"embeddable":true,"href":"https:\/\/www.sportingcanal.com\/index.php?rest_route=%2Fwp%2Fv2%2Fcomments&post=32903"}],"version-history":[{"count":5,"href":"https:\/\/www.sportingcanal.com\/index.php?rest_route=\/wp\/v2\/posts\/32903\/revisions"}],"predecessor-version":[{"id":38535,"href":"https:\/\/www.sportingcanal.com\/index.php?rest_route=\/wp\/v2\/posts\/32903\/revisions\/38535"}],"wp:featuredmedia":[{"embeddable":true,"href":"https:\/\/www.sportingcanal.com\/index.php?rest_route=\/wp\/v2\/media\/38534"}],"wp:attachment":[{"href":"https:\/\/www.sportingcanal.com\/index.php?rest_route=%2Fwp%2Fv2%2Fmedia&parent=32903"}],"wp:term":[{"taxonomy":"category","embeddable":true,"href":"https:\/\/www.sportingcanal.com\/index.php?rest_route=%2Fwp%2Fv2%2Fcategories&post=32903"},{"taxonomy":"post_tag","embeddable":true,"href":"https:\/\/www.sportingcanal.com\/index.php?rest_route=%2Fwp%2Fv2%2Ftags&post=32903"}],"curies":[{"name":"wp","href":"https:\/\/api.w.org\/{rel}","templated":true}]}}