{"id":32943,"date":"2026-02-21T08:00:45","date_gmt":"2026-02-21T07:00:45","guid":{"rendered":"http:\/\/www.sportingcanal.com\/?p=32943"},"modified":"2026-02-22T00:15:12","modified_gmt":"2026-02-21T23:15:12","slug":"joao-matos","status":"publish","type":"post","link":"https:\/\/www.sportingcanal.com\/?p=32943","title":{"rendered":"Jo\u00e3o Matos"},"content":{"rendered":"<p>Jo\u00e3o Nuno Alves de Matos nasceu a 21 de Fevereiro de 1987 em Lisboa. Come\u00e7ou a jogar Futsal nos Iniciados do Carnaxide em 1999, e ingressou nas camadas jovens do Sporting em 2001 &#8211; tendo chegado \u00e0 equipa principal para a temporada 2005\/06.<\/p>\n<p>Desde muito cedo se fez notar por uma capacidade e maturidade acima da m\u00e9dia e muito rapidamente se tornou sub-capit\u00e3o (o capit\u00e3o era Jo\u00e3o Benedito) e depois capit\u00e3o de equipa.<\/p>\n<p>Marcou o seu 1\u00ba golo a 10 de Novembro de 2006 numa partida da 7\u00aa jornada do Campeonato Nacional frente ao Boavista (8-0).<\/p>\n<p>At\u00e9 21 de Fevereiro de 2026, data do seu 38\u00ba anivers\u00e1rio, fez 803 jogos oficiais e 166 golos de verde e branco, tendo conquistado 1 Final\u00edssima Intercontinental, 2 Ligas dos Campe\u00f5es, 12 Campeonatos Nacionais, 10 Ta\u00e7as de Portugal, 6 Ta\u00e7as de Liga, 9 Superta\u00e7as e 3 Ta\u00e7as de Honra da AFL!<\/p>\n<p>Foi uma das figuras da Sele\u00e7\u00e3o Nacional que ganhou o Campeonato da Europa em 2018 e 2022 e o Mundial de 2021. J\u00e1 foi internacional A 211 vezes (27 golos) at\u00e9 21 de Fevereiro de 2025.<\/p>\n<p>Em 2010 foi distinguido com o\u00a0Pr\u00e9mio Stromp na categoria Especial Europeu e em 2016 na categoria Atleta.<\/p>\n<p>Em 2021, recebeu a Medalha de M\u00e9rito Municipal &#8211; Grau Ouro, atribu\u00edda por unanimidade pela C\u00e2mara Municipal de Portalegre.<\/p>\n<p>Todas as palavras s\u00e3o poucas para descrever um atleta que se tornou um dos \u201crostos\u201d da modalidade mais vencedora do Sporting Clube de Portugal, e, para al\u00e9m disso, um verdadeiro s\u00edmbolo do clube e de tudo aquilo que um atleta verde e branco deve representar. Entretanto continua no ativo, na busca insaci\u00e1vel de mais vit\u00f3rias!<\/p>\n<p>Um dia disse: <em>\u201cEstou no Sporting desde 2001. H\u00e1 quem diga que sou da casa e eu gosto de ouvir essa express\u00e3o: o Jo\u00e3o Matos \u00e9 da casa! Significa que t\u00eam um carinho por mim e que me v\u00eaem como um le\u00e3o que tem grande amor a este clube.<br \/>\nSe tenho inten\u00e7\u00e3o de sair daqui algum dia? Dificilmente. Sou acarinhado por muita gente h\u00e1 algum tempo e \u00e0 medida que fui ganhando algum carisma, alguma imagem, as pessoas foram-me reconhecendo mais, e acabo por me sentir t\u00e3o bem, t\u00e3o em casa aqui, que isto \u00e9 \u00fanico.<br \/>\nE n\u00e3o tenho d\u00favida, e digo-o de forma muito clara &#8211; isto \u00e9 uma fam\u00edlia para mim. Tenho adeptos e apoiantes, pessoas de claques que se tornaram meus amigos e dos quais me tornei amigo. S\u00e3o doidas, fan\u00e1ticas pelo clube. Olho para esse fanatismo, para esse amor ao clube, e digo: \u2018Eu sou igual a eles\u2019.<br \/>\nPosso n\u00e3o me exprimir da mesma forma porque sou atleta, porque tenho de me conter, mas sou igual a eles. O amor ao clube \u00e9 o mesmo, a loucura \u00e9 a mesma, s\u00f3 que n\u00e3o a posso exprimir da mesma forma. Ent\u00e3o acabo por associar o Sporting a uma fam\u00edlia. Acima de tudo, tudo isso me faz ter um orgulho e um prazer enorme sempre que visto a camisola do Sporting\u201d<\/em>.<\/p>\n<div class=\"tweetthis\" style=\"text-align:left;\"><p> <a target=\"_blank\" rel=\"nofollow\" class=\"tt\" href=\"http:\/\/twitter.com\/home\/?status=Jo%C3%A3o+Matos+https%3A%2F%2Fis.gd%2Fwd8TO1\" title=\"Post to Twitter\"><img decoding=\"async\" class=\"nothumb\" src=\"http:\/\/www.sportingcanal.com\/wp-content\/plugins\/tweet-this\/icons\/en\/twitter\/tt-twitter6.png\" alt=\"Post to Twitter\" \/><\/a><\/p><\/div>","protected":false},"excerpt":{"rendered":"<p>Jo\u00e3o Nuno Alves de Matos nasceu a 21 de Fevereiro de 1987 em Lisboa. Come\u00e7ou a jogar Futsal nos Iniciados do Carnaxide em 1999, e ingressou nas camadas jovens do Sporting em 2001 &#8211; tendo chegado \u00e0 equipa principal para a temporada 2005\/06. Desde muito cedo se fez notar por uma capacidade e maturidade acima [&hellip;]<\/p>\n","protected":false},"author":1,"featured_media":32945,"comment_status":"open","ping_status":"closed","sticky":false,"template":"","format":"standard","meta":{"_et_pb_use_builder":"","_et_pb_old_content":"","_et_gb_content_width":"","footnotes":""},"categories":[13],"tags":[],"_links":{"self":[{"href":"https:\/\/www.sportingcanal.com\/index.php?rest_route=\/wp\/v2\/posts\/32943"}],"collection":[{"href":"https:\/\/www.sportingcanal.com\/index.php?rest_route=\/wp\/v2\/posts"}],"about":[{"href":"https:\/\/www.sportingcanal.com\/index.php?rest_route=\/wp\/v2\/types\/post"}],"author":[{"embeddable":true,"href":"https:\/\/www.sportingcanal.com\/index.php?rest_route=\/wp\/v2\/users\/1"}],"replies":[{"embeddable":true,"href":"https:\/\/www.sportingcanal.com\/index.php?rest_route=%2Fwp%2Fv2%2Fcomments&post=32943"}],"version-history":[{"count":13,"href":"https:\/\/www.sportingcanal.com\/index.php?rest_route=\/wp\/v2\/posts\/32943\/revisions"}],"predecessor-version":[{"id":40315,"href":"https:\/\/www.sportingcanal.com\/index.php?rest_route=\/wp\/v2\/posts\/32943\/revisions\/40315"}],"wp:featuredmedia":[{"embeddable":true,"href":"https:\/\/www.sportingcanal.com\/index.php?rest_route=\/wp\/v2\/media\/32945"}],"wp:attachment":[{"href":"https:\/\/www.sportingcanal.com\/index.php?rest_route=%2Fwp%2Fv2%2Fmedia&parent=32943"}],"wp:term":[{"taxonomy":"category","embeddable":true,"href":"https:\/\/www.sportingcanal.com\/index.php?rest_route=%2Fwp%2Fv2%2Fcategories&post=32943"},{"taxonomy":"post_tag","embeddable":true,"href":"https:\/\/www.sportingcanal.com\/index.php?rest_route=%2Fwp%2Fv2%2Ftags&post=32943"}],"curies":[{"name":"wp","href":"https:\/\/api.w.org\/{rel}","templated":true}]}}