{"id":3318,"date":"2026-03-15T09:00:04","date_gmt":"2026-03-15T08:00:04","guid":{"rendered":"http:\/\/www.sportingcanal.com\/?p=3318"},"modified":"2026-03-15T16:17:22","modified_gmt":"2026-03-15T15:17:22","slug":"1931-titulo-regional-de-futebol-reconquistado","status":"publish","type":"post","link":"https:\/\/www.sportingcanal.com\/?p=3318","title":{"rendered":"1931 \u2013 T\u00edtulo Regional de Futebol reconquistado"},"content":{"rendered":"<p>15 de Mar\u00e7o de 1931. Foi, de facto, uma luta muito apertada com o Belenenses a que se verificou para a decis\u00e3o do Campeonato Regional. \u00c0 entrada para a \u00faltima jornada o Sporting tinha 1 ponto de avan\u00e7o dos azuis pelo que era imperiosa a vit\u00f3ria na rece\u00e7\u00e3o ao Carcavelinhos. A partida disputou-se no Campo Grande.<\/p>\n<p>Os le\u00f5es, sob o comando de Joaquim Filipe dos Santos, alinharam com:\u00a0Cipriano; Martinho (cap) e Jorge Vieira; Varela, Fernando Ferreira e Matias; Mour\u00e3o, Abrantes Mendes, Rog\u00e9rio, Abelhinha e Eduardo Mourinha.<\/p>\n<p>Era imperioso vencer, e o Sporting acabou por ter um jogo tranquilo. \u00c0 meia-hora j\u00e1 havia 3-0, com 2 magn\u00edficos pontap\u00e9s de Mourinha e um tiro certeiro de Rog\u00e9rio. Neste 1\u00ba per\u00edodo de jogo o dom\u00ednio pertenceu por inteiro aos le\u00f5es, que se tivessem jogado de forma mais serena poderiam ter chegado ao intervalo com uma vantagem ainda mais dilatada.<\/p>\n<p>Os alcantarenses come\u00e7aram bem a 2\u00aa parte, at\u00e9 com algum dom\u00ednio, mas novo golo de Mourinha, aos 65 minutos, desmoralizou os visitantes que sofreriam outro tento, do mesmo jogador, quase no final da contenda, estabelecendo o resultado final em 5-0.<\/p>\n<p>Matias e Mourinha foram as duas grandes figuras da equipa que 3 anos depois reconquistava o Regional Lisboeta, obtendo a sua 7\u00aa vit\u00f3ria na competi\u00e7\u00e3o, ficando apenas a uma vit\u00f3ria do Benfica (que, mais tarde, ultrapassaria largamente) e impedindo o tri do Belenenses.<\/p>\n<p>Na foto, uma das equipas dessa temporada (da esquerda para a direita): Cipriano, Mour\u00e3o, Fernando Ferreira, Rog\u00e9rio, O`Neil, Jorge Vieira, Mourinha, Matias, Oliveira Martins, Varela e Carlos Am\u00e9rico.<\/p>\n<div class=\"tweetthis\" style=\"text-align:left;\"><p> <a target=\"_blank\" rel=\"nofollow\" class=\"tt\" href=\"http:\/\/twitter.com\/home\/?status=1931+%E2%80%93+T%C3%ADtulo+Regional+de+Futebol+reconquistado+https%3A%2F%2Fis.gd%2F4qKn1U\" title=\"Post to Twitter\"><img decoding=\"async\" class=\"nothumb\" src=\"http:\/\/www.sportingcanal.com\/wp-content\/plugins\/tweet-this\/icons\/en\/twitter\/tt-twitter6.png\" alt=\"Post to Twitter\" \/><\/a><\/p><\/div>","protected":false},"excerpt":{"rendered":"<p>15 de Mar\u00e7o de 1931. Foi, de facto, uma luta muito apertada com o Belenenses a que se verificou para a decis\u00e3o do Campeonato Regional. \u00c0 entrada para a \u00faltima jornada o Sporting tinha 1 ponto de avan\u00e7o dos azuis pelo que era imperiosa a vit\u00f3ria na rece\u00e7\u00e3o ao Carcavelinhos. A partida disputou-se no Campo [&hellip;]<\/p>\n","protected":false},"author":1,"featured_media":3360,"comment_status":"open","ping_status":"open","sticky":false,"template":"","format":"standard","meta":{"_et_pb_use_builder":"","_et_pb_old_content":"","_et_gb_content_width":"","footnotes":""},"categories":[17],"tags":[28,8],"_links":{"self":[{"href":"https:\/\/www.sportingcanal.com\/index.php?rest_route=\/wp\/v2\/posts\/3318"}],"collection":[{"href":"https:\/\/www.sportingcanal.com\/index.php?rest_route=\/wp\/v2\/posts"}],"about":[{"href":"https:\/\/www.sportingcanal.com\/index.php?rest_route=\/wp\/v2\/types\/post"}],"author":[{"embeddable":true,"href":"https:\/\/www.sportingcanal.com\/index.php?rest_route=\/wp\/v2\/users\/1"}],"replies":[{"embeddable":true,"href":"https:\/\/www.sportingcanal.com\/index.php?rest_route=%2Fwp%2Fv2%2Fcomments&post=3318"}],"version-history":[{"count":21,"href":"https:\/\/www.sportingcanal.com\/index.php?rest_route=\/wp\/v2\/posts\/3318\/revisions"}],"predecessor-version":[{"id":39828,"href":"https:\/\/www.sportingcanal.com\/index.php?rest_route=\/wp\/v2\/posts\/3318\/revisions\/39828"}],"wp:featuredmedia":[{"embeddable":true,"href":"https:\/\/www.sportingcanal.com\/index.php?rest_route=\/wp\/v2\/media\/3360"}],"wp:attachment":[{"href":"https:\/\/www.sportingcanal.com\/index.php?rest_route=%2Fwp%2Fv2%2Fmedia&parent=3318"}],"wp:term":[{"taxonomy":"category","embeddable":true,"href":"https:\/\/www.sportingcanal.com\/index.php?rest_route=%2Fwp%2Fv2%2Fcategories&post=3318"},{"taxonomy":"post_tag","embeddable":true,"href":"https:\/\/www.sportingcanal.com\/index.php?rest_route=%2Fwp%2Fv2%2Ftags&post=3318"}],"curies":[{"name":"wp","href":"https:\/\/api.w.org\/{rel}","templated":true}]}}