{"id":3323,"date":"2026-03-15T09:30:54","date_gmt":"2026-03-15T08:30:54","guid":{"rendered":"http:\/\/www.sportingcanal.com\/?p=3323"},"modified":"2026-03-15T16:17:26","modified_gmt":"2026-03-15T15:17:26","slug":"vitoria-frente-ao-benfica-com-david-julius-em-grande-plano","status":"publish","type":"post","link":"https:\/\/www.sportingcanal.com\/?p=3323","title":{"rendered":"1959 &#8211; Vit\u00f3ria frente ao Benfica com David Julius em grande plano"},"content":{"rendered":"<p>15 de Mar\u00e7o de 1959. O t\u00edtulo j\u00e1 era uma miragem para os lados de Alvalade. \u00c0 25\u00aa e pen\u00faltima jornada, rece\u00e7\u00e3o ao Benfica, que lutava com o FC Porto pela lideran\u00e7a da prova. Comandado por M\u00e1rio Imbelloni (que se estreava substituindo Enrique Fern\u00e1ndez), o Sporting alinhou com:\u00a0Oct\u00e1vio de S\u00e1; Lino, Morato e Hil\u00e1rio; Mendes e David Julius; Hugo, Vasques, Caraballo, Travassos e Morais.<\/p>\n<p>Este foi\u00a0um espet\u00e1culo emotivo e vibrante, com ambas as equipas a baterem-se ao limite dos seus recursos t\u00e9cnicos e f\u00edsicos. O in\u00edcio foi algo nervoso, mas os encarnados eram aqueles que conseguiam explanar melhor o seu futebol. Ainda assim foram os le\u00f5es a inaugurar o marcador, ao minuto 13. David Julius ganhou a bola a Serra e endossou-a a Morais. O extremo esquerdo centrou, e Artur, ao tentar aliviar a bola, colocou-a \u00e0 merc\u00ea de Hugo (Costa Pereira e Vasques chocaram), que rematando vigorosamente fez o 1-0. O tempo para festejar foi muito curto, pois apenas 4 minutos depois os benfiquistas chegaram ao empate. Palmeiro, junto da linha de cabeceira, entregou a bola a Coluna, este centrou com for\u00e7a e Cav\u00e9m, bem desmarcado, rematou a contar. At\u00e9 ao intervalo o Benfica conseguiu maior preval\u00eancia do jogo pois controlou o meio-campo. O Sporting vivia das arrancadas de Morais e Hugo, que perto do descanso chegaram a criar calafrios s\u00e9rios aos apaniguados benfiquistas.<\/p>\n<p>Na entrada para o 2\u00ba tempo a partida tornou-se mais equilibrada. O Benfica afrouxou o ritmo e as figuras do Sporting come\u00e7aram a emergir. Estavam apenas decorridos 8 minutos quando Hugo atrasou para Travassos, este centrou alto e Vasques, depois de dominar a bola com a cabe\u00e7a, tocou-a para o p\u00e9 dando-lhe o caminho das redes &#8211; estava feito o 2-1 final. Este belo golo influenciou completamente aquilo que restava do encontro (e ainda era muito). O Benfica enervou-se e o Sporting ganhou alento, passando a jogar com uma energia imensa. O \u00faltimo quarto de hora teve grande emo\u00e7\u00e3o. O Benfica entrou numa virilidade excessiva at\u00e9 ao incidente com \u00c2ngelo que faria \u201ccorrer muita tinta\u201d. O jogador vermelho foi expulso, mas ao chegar \u00e0 pista, quando se dirigia \u00e0 cabina, envolveu-se em desordem grave com elementos do Sporting. Alguns jogadores do Benfica acorreram ao local da \u201crixa\u201d e um deles, Artur, foi atingido violentamente perdendo os sentidos. \u00c2ngelo esteve para ser conduzido ao Governo Civil o que acabou por n\u00e3o acontecer. Posteriormente, a Dire\u00e7\u00e3o-Geral dos Desportos ordenou que se realizasse um rigoroso inqu\u00e9rito aos incidentes. Benfica e Sporting fizeram exposi\u00e7\u00f5es \u00e0 Federa\u00e7\u00e3o Portuguesa de Futebol. Quanto a medidas disciplinares, \u00c2ngelo e Caraballo, figuras principais dos incidentes, acabaram por ser suspensos preventivamente.<\/p>\n<p>A partida acabou por terminar assim, com algum \u201csururu\u201d. O Sporting ganhou bem um jogo muito emotivo. David Julius (foto de arquivo), Travassos e Mendes foram as \u201ctraves mestras\u201d duma equipa leonina que soube sempre manter a serenidade (ao contr\u00e1rio do advers\u00e1rio) tendo residido talvez a\u00ed a &#8220;chave&#8221; do triunfo.<\/p>\n<div class=\"tweetthis\" style=\"text-align:left;\"><p> <a target=\"_blank\" rel=\"nofollow\" class=\"tt\" href=\"http:\/\/twitter.com\/home\/?status=1959+%E2%80%93+Vit%C3%B3ria+frente+ao+Benfica+com+David+Julius+em+grande+plano+https%3A%2F%2Fis.gd%2FZGaVtG\" title=\"Post to Twitter\"><img decoding=\"async\" class=\"nothumb\" src=\"http:\/\/www.sportingcanal.com\/wp-content\/plugins\/tweet-this\/icons\/en\/twitter\/tt-twitter6.png\" alt=\"Post to Twitter\" \/><\/a><\/p><\/div>","protected":false},"excerpt":{"rendered":"<p>15 de Mar\u00e7o de 1959. O t\u00edtulo j\u00e1 era uma miragem para os lados de Alvalade. \u00c0 25\u00aa e pen\u00faltima jornada, rece\u00e7\u00e3o ao Benfica, que lutava com o FC Porto pela lideran\u00e7a da prova. Comandado por M\u00e1rio Imbelloni (que se estreava substituindo Enrique Fern\u00e1ndez), o Sporting alinhou com:\u00a0Oct\u00e1vio de S\u00e1; Lino, Morato e Hil\u00e1rio; Mendes [&hellip;]<\/p>\n","protected":false},"author":1,"featured_media":3324,"comment_status":"open","ping_status":"open","sticky":false,"template":"","format":"standard","meta":{"_et_pb_use_builder":"","_et_pb_old_content":"","_et_gb_content_width":"","footnotes":""},"categories":[4],"tags":[22,253,8,69],"_links":{"self":[{"href":"https:\/\/www.sportingcanal.com\/index.php?rest_route=\/wp\/v2\/posts\/3323"}],"collection":[{"href":"https:\/\/www.sportingcanal.com\/index.php?rest_route=\/wp\/v2\/posts"}],"about":[{"href":"https:\/\/www.sportingcanal.com\/index.php?rest_route=\/wp\/v2\/types\/post"}],"author":[{"embeddable":true,"href":"https:\/\/www.sportingcanal.com\/index.php?rest_route=\/wp\/v2\/users\/1"}],"replies":[{"embeddable":true,"href":"https:\/\/www.sportingcanal.com\/index.php?rest_route=%2Fwp%2Fv2%2Fcomments&post=3323"}],"version-history":[{"count":19,"href":"https:\/\/www.sportingcanal.com\/index.php?rest_route=\/wp\/v2\/posts\/3323\/revisions"}],"predecessor-version":[{"id":39832,"href":"https:\/\/www.sportingcanal.com\/index.php?rest_route=\/wp\/v2\/posts\/3323\/revisions\/39832"}],"wp:featuredmedia":[{"embeddable":true,"href":"https:\/\/www.sportingcanal.com\/index.php?rest_route=\/wp\/v2\/media\/3324"}],"wp:attachment":[{"href":"https:\/\/www.sportingcanal.com\/index.php?rest_route=%2Fwp%2Fv2%2Fmedia&parent=3323"}],"wp:term":[{"taxonomy":"category","embeddable":true,"href":"https:\/\/www.sportingcanal.com\/index.php?rest_route=%2Fwp%2Fv2%2Fcategories&post=3323"},{"taxonomy":"post_tag","embeddable":true,"href":"https:\/\/www.sportingcanal.com\/index.php?rest_route=%2Fwp%2Fv2%2Ftags&post=3323"}],"curies":[{"name":"wp","href":"https:\/\/api.w.org\/{rel}","templated":true}]}}