{"id":3326,"date":"2026-03-15T08:00:39","date_gmt":"2026-03-15T07:00:39","guid":{"rendered":"http:\/\/www.sportingcanal.com\/?p=3326"},"modified":"2026-03-15T16:17:14","modified_gmt":"2026-03-15T15:17:14","slug":"vidigal-uma-forca-da-natureza","status":"publish","type":"post","link":"https:\/\/www.sportingcanal.com\/?p=3326","title":{"rendered":"Vidigal \u2013 Um centrocampista de grande pujan\u00e7a f\u00edsica"},"content":{"rendered":"<p>Jos\u00e9 Lu\u00eds da Cruz Vidigal nasceu a 15 de Mar\u00e7o de 1973 em S\u00e1 da Bandeira \u2013 Angola. 2\u00ba de 12 irm\u00e3os (v\u00e1rios dos quais futebolistas), come\u00e7ou por jogar no O Elvas, de onde transitou para o Estoril. Nos \u201ccanarinhos\u201d (onde brilhou intensamente \u2013 na divis\u00e3o de honra \u2013 chegando \u00e0 Sele\u00e7\u00e3o de esperan\u00e7as) esteve apenas uma \u00e9poca, pois no Ver\u00e3o de 1995 assinou pelo Sporting. Pelas suas carater\u00edsticas f\u00edsicas e estilo abnegado de jogar logo foi apelidado de \u201cnovo Oceano\u201d.<\/p>\n<p>Estreou-se oficialmente na 1\u00aa jornada do Campeonato, a 20 de Agosto, nas Antas (1-2). Nessa 1\u00aa temporada, na qual o Sporting conheceu 3 treinadores (Carlos Queiroz, Fernando Mendes e Oct\u00e1vio Machado), foi entrando gradualmente na equipa, acabando por fazer 26 jogos e ganhando a Superta\u00e7a (foi titular na partida decisiva, em Paris, frente ao FC Porto).<\/p>\n<p>Na \u00e9poca seguinte voltou a jogar com alguma frequ\u00eancia mas sem assumir a titularidade (Oceano e Pedro Martins \u201creinavam\u201d no miolo no terreno). Marcou entretanto o seu 1\u00ba golo a 23 de Agosto de 1996, num triunfo em Espinho por 3-1 \u2013 esta foi mesmo a sua \u00e9poca mais produtiva com 5 golos em 26 jogos.<\/p>\n<p>Na \u00e9poca terr\u00edvel de 1997\/98, com 4 treinadores (Oct\u00e1vio, Francisco Vital, Vicente Cantatore e Carlos Manuel) continuou a patentear as suas carater\u00edsticas mais marcantes \u2013 a entrega e a for\u00e7a, e fez aquele que foi talvez o golo mais importante da temporada &#8211; o que garantiu a vit\u00f3ria frente ao Belenenses na pen\u00faltima jornada e consequente acesso \u00e0s provas europeias. Com Mirko Jozic, em 1998\/99, voltou a ser uma alternativa cred\u00edvel para m\u00e9dio defensivo ou defesa central, mas entretanto chegaram Delfim e Duscher, e mais uma vez n\u00e3o foi 1\u00aa escolha.<\/p>\n<p>A sua \u00faltima temporada em Alvalade foi a de 99\/2000. Augusto In\u00e1cio fez dele uma das \u201ctraves mestras\u201d do conjunto que conquistou o t\u00edtulo nacional. Verdadeiro \u201cpulm\u00e3o\u201d da equipa, com uma for\u00e7a inesgot\u00e1vel e vontade f\u00e9rrea, chegou \u00e0 Sele\u00e7\u00e3o Nacional e acabou por sair no final para o N\u00e1poles (por 1 milh\u00e3o de contos). O seu \u00faltimo jogo oficial pelos le\u00f5es realizou-se a 25 de Maio de 2000 e foi a final\u00edssima da Ta\u00e7a de Portugal frente ao FC Porto (0-2).<\/p>\n<p>Esteve um total de 5 \u00e9pocas no Sporting. Alinhou em 139 jogos oficiais e marcou 9 golos. Ganhou 1 Campeonato Nacional e uma Superta\u00e7a.<\/p>\n<p>Em It\u00e1lia esteve 8 \u00e9pocas, tendo passado, depois de N\u00e1poles, pelo Livorno e Udinese. Acabou a carreira em Portugal, na temporada 2008\/09, ao servi\u00e7o do Estrela da Amadora. Foi 15 vezes internacional A e esteve presente no Europeu de 2000 na B\u00e9lgica e Holanda.<\/p>\n<p>De 2011 a 2013 regressou ao Sporting para fazer parte do staff da estrutura do futebol, algo que voltou a acontecer recentemente com a elei\u00e7\u00e3o de Frederico Varandas para a presid\u00eancia.<\/p>\n<div class=\"tweetthis\" style=\"text-align:left;\"><p> <a target=\"_blank\" rel=\"nofollow\" class=\"tt\" href=\"http:\/\/twitter.com\/home\/?status=Vidigal+%E2%80%93+Um+centrocampista+de+grande+pujan%C3%A7a+f%C3%ADsica+https%3A%2F%2Fis.gd%2FdbOm1Q\" title=\"Post to Twitter\"><img decoding=\"async\" class=\"nothumb\" src=\"http:\/\/www.sportingcanal.com\/wp-content\/plugins\/tweet-this\/icons\/en\/twitter\/tt-twitter6.png\" alt=\"Post to Twitter\" \/><\/a><\/p><\/div>","protected":false},"excerpt":{"rendered":"<p>Jos\u00e9 Lu\u00eds da Cruz Vidigal nasceu a 15 de Mar\u00e7o de 1973 em S\u00e1 da Bandeira \u2013 Angola. 2\u00ba de 12 irm\u00e3os (v\u00e1rios dos quais futebolistas), come\u00e7ou por jogar no O Elvas, de onde transitou para o Estoril. Nos \u201ccanarinhos\u201d (onde brilhou intensamente \u2013 na divis\u00e3o de honra \u2013 chegando \u00e0 Sele\u00e7\u00e3o de esperan\u00e7as) esteve [&hellip;]<\/p>\n","protected":false},"author":1,"featured_media":3327,"comment_status":"open","ping_status":"open","sticky":false,"template":"","format":"standard","meta":{"_et_pb_use_builder":"","_et_pb_old_content":"","_et_gb_content_width":"","footnotes":""},"categories":[63],"tags":[8,64,250],"_links":{"self":[{"href":"https:\/\/www.sportingcanal.com\/index.php?rest_route=\/wp\/v2\/posts\/3326"}],"collection":[{"href":"https:\/\/www.sportingcanal.com\/index.php?rest_route=\/wp\/v2\/posts"}],"about":[{"href":"https:\/\/www.sportingcanal.com\/index.php?rest_route=\/wp\/v2\/types\/post"}],"author":[{"embeddable":true,"href":"https:\/\/www.sportingcanal.com\/index.php?rest_route=\/wp\/v2\/users\/1"}],"replies":[{"embeddable":true,"href":"https:\/\/www.sportingcanal.com\/index.php?rest_route=%2Fwp%2Fv2%2Fcomments&post=3326"}],"version-history":[{"count":21,"href":"https:\/\/www.sportingcanal.com\/index.php?rest_route=\/wp\/v2\/posts\/3326\/revisions"}],"predecessor-version":[{"id":39825,"href":"https:\/\/www.sportingcanal.com\/index.php?rest_route=\/wp\/v2\/posts\/3326\/revisions\/39825"}],"wp:featuredmedia":[{"embeddable":true,"href":"https:\/\/www.sportingcanal.com\/index.php?rest_route=\/wp\/v2\/media\/3327"}],"wp:attachment":[{"href":"https:\/\/www.sportingcanal.com\/index.php?rest_route=%2Fwp%2Fv2%2Fmedia&parent=3326"}],"wp:term":[{"taxonomy":"category","embeddable":true,"href":"https:\/\/www.sportingcanal.com\/index.php?rest_route=%2Fwp%2Fv2%2Fcategories&post=3326"},{"taxonomy":"post_tag","embeddable":true,"href":"https:\/\/www.sportingcanal.com\/index.php?rest_route=%2Fwp%2Fv2%2Ftags&post=3326"}],"curies":[{"name":"wp","href":"https:\/\/api.w.org\/{rel}","templated":true}]}}