{"id":3357,"date":"2026-03-17T09:00:53","date_gmt":"2026-03-17T08:00:53","guid":{"rendered":"http:\/\/www.sportingcanal.com\/?p=3357"},"modified":"2026-03-17T14:29:17","modified_gmt":"2026-03-17T13:29:17","slug":"romagnoli-um-10-com-talento","status":"publish","type":"post","link":"https:\/\/www.sportingcanal.com\/?p=3357","title":{"rendered":"Romagnoli \u2013 Um 10 com talento"},"content":{"rendered":"<p>Leandro Atilio Romagnoli nasceu a 17 de Mar\u00e7o de 1981 em Buenos Aires &#8211; Argentina. No Mundo do Futebol tem a alcunha de \u201cPipi Romagnoli\u201d.<\/p>\n<p>Come\u00e7ou por jogar no San Lorenzo (desde as camadas jovens), onde chegou \u00e0s sele\u00e7\u00f5es (foi campe\u00e3o do mundo de sub-20 em 2001) e ganhou alguns t\u00edtulos j\u00e1 como s\u00e9nior. Em 2002 chegou \u00e0 sele\u00e7\u00e3o principal da Argentina (a sua \u00fanica internacionaliza\u00e7\u00e3o) numa altura em que a Europa come\u00e7ou a reparar nele\u00a0 e Maradona o elogiou com entusiasmo, mas pouco tempo mais tarde lesionou-se com muita gravidade.<\/p>\n<p>Regressou lentamente \u00e0 competi\u00e7\u00e3o, passando depois 2 anos no Vera Cruz \u2013 M\u00e9xico, de onde chegou ao Sporting, por empr\u00e9stimo, com direito de op\u00e7\u00e3o, no \u201cmercado de Inverno\u201d de 2005\/06. Realizou a 1\u00aa partida (estreou-se simultaneamente a Abel) a 11 de Janeiro de 2006 frente ao Vizela (2-1) para a Ta\u00e7a de Portugal. 10 dias depois marcou pela 1\u00aa vez numa rece\u00e7\u00e3o ao Mar\u00edtimo (1-1) para o Campeonato. Logo os sportinguistas perceberam que estavam perante um jogador tecnicista, capaz de \u201cinventar\u201d espa\u00e7os nas defensivas contr\u00e1rias, mas algo d\u00e9bil em termos f\u00edsicos. Esse \u201cmetade\u201d de \u00e9poca foi positiva e o Sporting adquiriu o seu passe por cerca de 1 milh\u00e3o de euros.<\/p>\n<p>Na temporada seguinte custou a \u201cengrenar\u201d, mas do meio da \u00e9poca para a frente assumiu-se como o 10 da equipa, ganhando resist\u00eancia f\u00edsica e influ\u00eancia na equipa. Contribuiu para o triunfo da Ta\u00e7a de Portugal &#8211; a sua 1\u00aa conquista de verde e branco. Em 2007\/08 o Sporting venceu a Superta\u00e7a e a Ta\u00e7a de Portugal e o criativo argentino foi dos mais utilizados da equipa (51 presen\u00e7as). A \u00e9poca seguinte foi a sua \u00faltima no Sporting. Ap\u00f3s mais uma vit\u00f3ria na Superta\u00e7a perdeu algum protagonismo. Apesar de tudo, era, numa altura em que os sportinguistas tinham um problema s\u00e9rio com os penaltis (falhando-os com frequ\u00eancia), o futebolista em quem os adeptos mais confiavam nesse particular, e a verdade \u00e9 que n\u00e3o os deixava ficar mal.<\/p>\n<p>A 24 de Maio de 2009 jogou pela \u00faltima vez de verde e branco, e marcou um golo, j\u00e1 nos descontos, no triunfo sobre o Nacional da Madeira por 3-1 (tal como Derlei despediu-se nessa noite a jogar e a marcar pelos le\u00f5es).<\/p>\n<p>Esteve um total de 4 \u00e9pocas no Sporting, clube pelo qual realizou 120 jogos e marcou 13 golos. Ganhou duas Ta\u00e7as de Portugal e duas Superta\u00e7as. Deixou a imagem de um bom jogador, tecnicista, rompedor e imprevis\u00edvel, em quem Paulo Bento (o seu \u00fanico treinador em Alvalade) apostou com frequ\u00eancia.<\/p>\n<p>A sua carreira prosseguiu depois no San Lorenzo, onde jogou at\u00e9 2018. Foi 11 vezes internacional argentino.<\/p>\n<div class=\"tweetthis\" style=\"text-align:left;\"><p> <a target=\"_blank\" rel=\"nofollow\" class=\"tt\" href=\"http:\/\/twitter.com\/home\/?status=Romagnoli+%E2%80%93+Um+10+com+talento+https%3A%2F%2Fis.gd%2FRwYl5N\" title=\"Post to Twitter\"><img decoding=\"async\" class=\"nothumb\" src=\"http:\/\/www.sportingcanal.com\/wp-content\/plugins\/tweet-this\/icons\/en\/twitter\/tt-twitter6.png\" alt=\"Post to Twitter\" \/><\/a><\/p><\/div>","protected":false},"excerpt":{"rendered":"<p>Leandro Atilio Romagnoli nasceu a 17 de Mar\u00e7o de 1981 em Buenos Aires &#8211; Argentina. No Mundo do Futebol tem a alcunha de \u201cPipi Romagnoli\u201d. Come\u00e7ou por jogar no San Lorenzo (desde as camadas jovens), onde chegou \u00e0s sele\u00e7\u00f5es (foi campe\u00e3o do mundo de sub-20 em 2001) e ganhou alguns t\u00edtulos j\u00e1 como s\u00e9nior. Em [&hellip;]<\/p>\n","protected":false},"author":1,"featured_media":3373,"comment_status":"open","ping_status":"open","sticky":false,"template":"","format":"standard","meta":{"_et_pb_use_builder":"","_et_pb_old_content":"","_et_gb_content_width":"","footnotes":""},"categories":[63],"tags":[8,64,256],"_links":{"self":[{"href":"https:\/\/www.sportingcanal.com\/index.php?rest_route=\/wp\/v2\/posts\/3357"}],"collection":[{"href":"https:\/\/www.sportingcanal.com\/index.php?rest_route=\/wp\/v2\/posts"}],"about":[{"href":"https:\/\/www.sportingcanal.com\/index.php?rest_route=\/wp\/v2\/types\/post"}],"author":[{"embeddable":true,"href":"https:\/\/www.sportingcanal.com\/index.php?rest_route=\/wp\/v2\/users\/1"}],"replies":[{"embeddable":true,"href":"https:\/\/www.sportingcanal.com\/index.php?rest_route=%2Fwp%2Fv2%2Fcomments&post=3357"}],"version-history":[{"count":22,"href":"https:\/\/www.sportingcanal.com\/index.php?rest_route=\/wp\/v2\/posts\/3357\/revisions"}],"predecessor-version":[{"id":39849,"href":"https:\/\/www.sportingcanal.com\/index.php?rest_route=\/wp\/v2\/posts\/3357\/revisions\/39849"}],"wp:featuredmedia":[{"embeddable":true,"href":"https:\/\/www.sportingcanal.com\/index.php?rest_route=\/wp\/v2\/media\/3373"}],"wp:attachment":[{"href":"https:\/\/www.sportingcanal.com\/index.php?rest_route=%2Fwp%2Fv2%2Fmedia&parent=3357"}],"wp:term":[{"taxonomy":"category","embeddable":true,"href":"https:\/\/www.sportingcanal.com\/index.php?rest_route=%2Fwp%2Fv2%2Fcategories&post=3357"},{"taxonomy":"post_tag","embeddable":true,"href":"https:\/\/www.sportingcanal.com\/index.php?rest_route=%2Fwp%2Fv2%2Ftags&post=3357"}],"curies":[{"name":"wp","href":"https:\/\/api.w.org\/{rel}","templated":true}]}}