{"id":34051,"date":"2025-05-28T10:00:15","date_gmt":"2025-05-28T09:00:15","guid":{"rendered":"http:\/\/www.sportingcanal.com\/?p=34051"},"modified":"2025-05-28T11:04:05","modified_gmt":"2025-05-28T10:04:05","slug":"futebol-sporting-2-fc-famalicao1-3%c2%aa-taca-de-portugal-para-as-nossas-meninas","status":"publish","type":"post","link":"https:\/\/www.sportingcanal.com\/?p=34051","title":{"rendered":"2022 \u2013 3\u00aa Ta\u00e7a de Portugal para as nossas futebolistas!"},"content":{"rendered":"<p>28 de Maio de 2022. Est\u00e1dio do Jamor, perante 13.894 espectadores, a grande maioria sportinguistas. A equipa principal feminina de Futebol do Sporting CP conquistou a Ta\u00e7a de Portugal pela 3\u00aa vez (em 3 finais) ao vencer neste s\u00e1bado, o FC Famalic\u00e3o por 2-1 na final.<\/p>\n<p>At\u00e9 \u00e0 final o Sporting CP tinha deixado pelo caminho UD Polvoreira (c14-0), Clube de Condeixa ACD (f 2-0), Valadares Gaia FC (c 1-0), CS Mar\u00edtimo (c 5-0) e SC Braga (c 3-0 e f 1-3).<\/p>\n<p>A treinadora leonina, Mariana Cabral, apresentou uma equipa com 4 jovens formadas no clube e uma m\u00e9dia de idades de 23,5 anos.<\/p>\n<p>A nossa equipa entrou muito mal no jogo e demorou a solidificar-se, perante um advers\u00e1rio muito combativo mas tamb\u00e9m in\u00f3cuo. A qualidade do jogo chegou a ser confrangedora (talvez o calor, talvez a ansiedade&#8230;), mas pouco a pouco o Sporting foi &#8220;ganhando terreno&#8221; e assumindo, se bem que de forma t\u00edmida, as r\u00e9deas do jogo.<\/p>\n<p>O golo acabou por chegar ap\u00f3s 2 cantos quase seguidos, cobrados por Joana March\u00e3o &#8211; F\u00e1tima Pinto cabeceou no primeiro ao lado e no segundo viu o bra\u00e7o de V\u00e2nia Duarte travar a bola. Ap\u00f3s indica\u00e7\u00e3o do VAR, a \u00e1rbitra Ana Afonso analisou o lance no monitor e assinalou o pen\u00e1lti. Chamada \u00e0 cobran\u00e7a Joana March\u00e3o atirou forte e colocado (com muita compet\u00eancia) inaugurando o marcador.<\/p>\n<p>Com o resultado a favor, as nossas meninas soltaram-se mais e foram mais impositivas. O intervalo chegou com 1-0.<\/p>\n<p>No in\u00edcio da 2\u00aa parte prevaleceu o equil\u00edbrio. O FC Famalic\u00e3o procurava aproveitar o espa\u00e7o nas costas da defesa verde e branca, mas a guardi\u00e3 Doris Ba\u010di\u0107 esteve atenta nesse controlo da profundidade advers\u00e1ria. Aos 55 minutos Brenda P\u00e9rez foi lan\u00e7ada em profundidade na direita, tirou uma advers\u00e1ria do caminho com classe e cruzou para Diana Silva, que, de cabe\u00e7a, acertou no poste.<\/p>\n<p>O 2-0 chegou aos 62 minutos. Ap\u00f3s mais uma arrancada de Chandra Davidson, Brenda viu o seu remate intercetado, mas na recarga a canadiana \u2013 sempre interventiva &#8211; atirou de primeira para o fundo das redes &#8211; a bola ainda a sofreu um desvio numa defesa famalicense antes de entrar (um golo feliz e praticamente decisivo).<\/p>\n<p>J\u00e1 com a grande Ana Borges em campo \u2013 no lugar de Mariana Rosa \u2013 depois de mais de um m\u00eas e meio de paragem por les\u00e3o, os minhotos tiveram um penalti a favor, aos 83 minutos, mas Doris Ba\u010di\u0107 fez uma grande defesa! Apesar de tudo o Famalic\u00e3o ainda reduziu, aos 89 minutos, por Carolina Rocha, mas o nosso conjunto soube segurar a preciosa vantagem at\u00e9 final.<\/p>\n<p>A equipa: Doris Ba\u010di\u0107, Chandra Davidson, Joana March\u00e3o, Bruna Louren\u00e7o, Carolina Beckert (Al\u00edcia Correia 90), Mariana Rosa (Ana Borges 67), F\u00e1tima Pinto (Rita Fontemanha 90), Andreia Jacinto, Vera Cid (Joana Martins 74), Brenda P\u00e9rez e Diana Silva.<\/p>\n<p>Ap\u00f3s o triunfo, Mariana Cabral, a treinadora, afirmou: &#8220;Foi uma festa muito bonita. Merec\u00edamos este trof\u00e9u e foi uma forma muito boa de acabar a \u00e9poca. Come\u00e7\u00e1mos a temporada a ganhar, acabamos igual e \u00e9 sempre muito importante ganhar trof\u00e9us para este clube. Temos de lutar sempre por todos os objetivos. A nossa equipa cresceu e aprendeu muito e espero que na pr\u00f3xima \u00e9poca possamos estar ainda melhores (&#8230;) Temos de agradecer aos adeptos. Sentimos muito apoio ao longo da \u00e9poca, mas hoje o ambiente foi fant\u00e1stico. O futebol feminino est\u00e1 a crescer imenso, quando eu jogava aqui havia muito menos pessoas e as condi\u00e7\u00f5es tamb\u00e9m n\u00e3o eram estas (&#8230;) Ter muita juventude \u00e9 sinal tamb\u00e9m de que temos muito futuro (&#8230;) A Doris tem muita qualidade e \u00e9 muito competente a defender pen\u00e1ltis. N\u00f3s t\u00ednhamos isso preparado, porque podia ser um cen\u00e1rio. Tendo essas informa\u00e7\u00f5es sobre as batedoras do FC Famalic\u00e3o demos o papel \u00e0 Doris e depois foi a qualidade dela (&#8230;) Foi a minha 1\u00aa \u00e9poca no futebol s\u00e9nior e tenho muito para aprender. Elas ajudaram-me muito e todas as pessoas \u00e0 nossa volta suportam o projeto e levam-no para a frente (&#8230;) O que nos interessa \u00e9 crescer, continuar o projeto com jogadoras de qualidade, umas mais experientes e outras da forma\u00e7\u00e3o, mas agora o importante \u00e9 festejar e ter f\u00e9rias. O pr\u00f3ximo [trof\u00e9u] espero que seja a Superta\u00e7a e, depois desse, o Campeonato, porque gostava muito de o conquistar pelo Sporting CP e elas tamb\u00e9m o merecem&#8221;.<\/p>\n<p>Ana Borges: &#8220;Mostr\u00e1mos o que \u00e9 o coletivo e isso faz a diferen\u00e7a. O FC Famalic\u00e3o teve todo o m\u00e9rito por ter chegado \u00e0 final, no entanto acho que foi mais do que merecido termos vencido a Ta\u00e7a (&#8230;) A les\u00e3o foi mais complicada do que se imaginava, mas eu queria jogar a final, subir a escadaria e levantar a ta\u00e7a&#8221;!<\/p>\n<div class=\"tweetthis\" style=\"text-align:left;\"><p> <a target=\"_blank\" rel=\"nofollow\" class=\"tt\" href=\"http:\/\/twitter.com\/home\/?status=2022+%E2%80%93+3%C2%AA+Ta%C3%A7a+de+Portugal+para+as+nossas+futebolistas%21+https%3A%2F%2Fis.gd%2FbjV1sC\" title=\"Post to Twitter\"><img decoding=\"async\" class=\"nothumb\" src=\"http:\/\/www.sportingcanal.com\/wp-content\/plugins\/tweet-this\/icons\/en\/twitter\/tt-twitter6.png\" alt=\"Post to Twitter\" \/><\/a><\/p><\/div>","protected":false},"excerpt":{"rendered":"<p>28 de Maio de 2022. Est\u00e1dio do Jamor, perante 13.894 espectadores, a grande maioria sportinguistas. A equipa principal feminina de Futebol do Sporting CP conquistou a Ta\u00e7a de Portugal pela 3\u00aa vez (em 3 finais) ao vencer neste s\u00e1bado, o FC Famalic\u00e3o por 2-1 na final. At\u00e9 \u00e0 final o Sporting CP tinha deixado pelo [&hellip;]<\/p>\n","protected":false},"author":1,"featured_media":37730,"comment_status":"open","ping_status":"closed","sticky":false,"template":"","format":"standard","meta":{"_et_pb_use_builder":"","_et_pb_old_content":"","_et_gb_content_width":"","footnotes":""},"categories":[17],"tags":[105,12],"_links":{"self":[{"href":"https:\/\/www.sportingcanal.com\/index.php?rest_route=\/wp\/v2\/posts\/34051"}],"collection":[{"href":"https:\/\/www.sportingcanal.com\/index.php?rest_route=\/wp\/v2\/posts"}],"about":[{"href":"https:\/\/www.sportingcanal.com\/index.php?rest_route=\/wp\/v2\/types\/post"}],"author":[{"embeddable":true,"href":"https:\/\/www.sportingcanal.com\/index.php?rest_route=\/wp\/v2\/users\/1"}],"replies":[{"embeddable":true,"href":"https:\/\/www.sportingcanal.com\/index.php?rest_route=%2Fwp%2Fv2%2Fcomments&post=34051"}],"version-history":[{"count":6,"href":"https:\/\/www.sportingcanal.com\/index.php?rest_route=\/wp\/v2\/posts\/34051\/revisions"}],"predecessor-version":[{"id":37732,"href":"https:\/\/www.sportingcanal.com\/index.php?rest_route=\/wp\/v2\/posts\/34051\/revisions\/37732"}],"wp:featuredmedia":[{"embeddable":true,"href":"https:\/\/www.sportingcanal.com\/index.php?rest_route=\/wp\/v2\/media\/37730"}],"wp:attachment":[{"href":"https:\/\/www.sportingcanal.com\/index.php?rest_route=%2Fwp%2Fv2%2Fmedia&parent=34051"}],"wp:term":[{"taxonomy":"category","embeddable":true,"href":"https:\/\/www.sportingcanal.com\/index.php?rest_route=%2Fwp%2Fv2%2Fcategories&post=34051"},{"taxonomy":"post_tag","embeddable":true,"href":"https:\/\/www.sportingcanal.com\/index.php?rest_route=%2Fwp%2Fv2%2Ftags&post=34051"}],"curies":[{"name":"wp","href":"https:\/\/api.w.org\/{rel}","templated":true}]}}