{"id":34810,"date":"2025-10-02T10:00:14","date_gmt":"2025-10-02T09:00:14","guid":{"rendered":"http:\/\/www.sportingcanal.com\/?p=34810"},"modified":"2025-10-04T20:23:10","modified_gmt":"2025-10-04T19:23:10","slug":"atletismo-campeao-nacionais-de-estrada-em-ambos-os-sexos-e-titulo-individual-para-rui-pinto","status":"publish","type":"post","link":"https:\/\/www.sportingcanal.com\/?p=34810","title":{"rendered":"2022 &#8211; Campe\u00f5es Nacionais de estrada em ambos os sexos e t\u00edtulo individual para Rui Pinto!"},"content":{"rendered":"<p>2 de Outubro de 2022 foi um domingo de gl\u00f3ria para o Atletismo do Sporting. Le\u00f5es e Leoas estiveram em competi\u00e7\u00e3o no Campeonato Nacional de Estrada, que decorreu em Joane &#8211; Famalic\u00e3o, e fizeram Hist\u00f3ria ao vencerem pela 1\u00aa vez nas 4 equipas (ambos os sexos, seniores e juniores).<\/p>\n<p>A manh\u00e3 come\u00e7ou com a prova de 10km das atletas femininas. No fimal os resultados foram 2 t\u00edtulos nacionais coletivos &#8211; o 6\u00ba consecutivo em\u00a0seniores, e a\u00a0n\u00edvel individual Ana Mafalda Ferreira arrecadou o 2\u00ba lugar (34m03s)\u00a0pelo 2\u00ba ano consecutivo e Sara Catarina Ribeiro foi 3\u00aa. Em\u00a0juniores Rita Figueiredo (sub-20) foi a 1\u00aa classificada com o tempo de 35m46s.<\/p>\n<p>Ana Mafalda: &#8220;O meu 2\u00ba lugar foi um pouco agridoce. Lutei at\u00e9 ao fim pelo t\u00edtulo, mas a advers\u00e1ria foi mais forte. Tentei manter-me o mais concentrada poss\u00edvel na prova. Aos 5km est\u00e1vamos as duas isoladas na frente e a partir da\u00ed tentei gerir ao m\u00e1ximo, mas a advers\u00e1ria reagiu sempre. Faltou ganhar, mas estou muito feliz pela prata conquistada. Repeti o 2\u00ba lugar do ano passado e sou vice-campe\u00e3 nacional&#8221;.<\/p>\n<p>Em masculinos, os resultados tamb\u00e9m foram magn\u00edficos em seniores e juniores. No escal\u00e3o principal Rui Pinto triunfou com 29m41s. Lucas da Silva foi 3\u00ba. Em juniores, Duarte Santos ficou em 2\u00ba e Louren\u00e7o Ferreira em 3\u00ba.<\/p>\n<p>Paulo Reis, coordenador t\u00e9cnico do Atletismo do Sporting: &#8220;Vamos desfrutar do momento. Isto era algo que nunca t\u00ednhamos conquistado. O Sporting CP nunca tinha conseguido o pleno. Como pessoas ambiciosas que somos,\u00a0trabalhamos sempre pelo melhor e desta vez conseguimos, claro que com algumas dificuldades porque os advers\u00e1rios tamb\u00e9m est\u00e3o c\u00e1 \u00e9 para nos dificultar a vida. Conquist\u00e1mos\u00a04 t\u00edtulos coletivos, 4 t\u00edtulos muito saborosos&#8221;.<\/p>\n<div class=\"tweetthis\" style=\"text-align:left;\"><p> <a target=\"_blank\" rel=\"nofollow\" class=\"tt\" href=\"http:\/\/twitter.com\/home\/?status=2022+%E2%80%93+Campe%C3%B5es+Nacionais+de+estrada+em+ambos+os+sexos+e+t%C3%ADtulo+individual+para+Rui+Pinto%21+https%3A%2F%2Fis.gd%2FvTQm1G\" title=\"Post to Twitter\"><img decoding=\"async\" class=\"nothumb\" src=\"http:\/\/www.sportingcanal.com\/wp-content\/plugins\/tweet-this\/icons\/en\/twitter\/tt-twitter6.png\" alt=\"Post to Twitter\" \/><\/a><\/p><\/div>","protected":false},"excerpt":{"rendered":"<p>2 de Outubro de 2022 foi um domingo de gl\u00f3ria para o Atletismo do Sporting. Le\u00f5es e Leoas estiveram em competi\u00e7\u00e3o no Campeonato Nacional de Estrada, que decorreu em Joane &#8211; Famalic\u00e3o, e fizeram Hist\u00f3ria ao vencerem pela 1\u00aa vez nas 4 equipas (ambos os sexos, seniores e juniores). A manh\u00e3 come\u00e7ou com a prova [&hellip;]<\/p>\n","protected":false},"author":1,"featured_media":38969,"comment_status":"open","ping_status":"closed","sticky":false,"template":"","format":"standard","meta":{"_et_pb_use_builder":"","_et_pb_old_content":"","_et_gb_content_width":"","footnotes":""},"categories":[17],"tags":[21,22,131],"_links":{"self":[{"href":"https:\/\/www.sportingcanal.com\/index.php?rest_route=\/wp\/v2\/posts\/34810"}],"collection":[{"href":"https:\/\/www.sportingcanal.com\/index.php?rest_route=\/wp\/v2\/posts"}],"about":[{"href":"https:\/\/www.sportingcanal.com\/index.php?rest_route=\/wp\/v2\/types\/post"}],"author":[{"embeddable":true,"href":"https:\/\/www.sportingcanal.com\/index.php?rest_route=\/wp\/v2\/users\/1"}],"replies":[{"embeddable":true,"href":"https:\/\/www.sportingcanal.com\/index.php?rest_route=%2Fwp%2Fv2%2Fcomments&post=34810"}],"version-history":[{"count":7,"href":"https:\/\/www.sportingcanal.com\/index.php?rest_route=\/wp\/v2\/posts\/34810\/revisions"}],"predecessor-version":[{"id":38971,"href":"https:\/\/www.sportingcanal.com\/index.php?rest_route=\/wp\/v2\/posts\/34810\/revisions\/38971"}],"wp:featuredmedia":[{"embeddable":true,"href":"https:\/\/www.sportingcanal.com\/index.php?rest_route=\/wp\/v2\/media\/38969"}],"wp:attachment":[{"href":"https:\/\/www.sportingcanal.com\/index.php?rest_route=%2Fwp%2Fv2%2Fmedia&parent=34810"}],"wp:term":[{"taxonomy":"category","embeddable":true,"href":"https:\/\/www.sportingcanal.com\/index.php?rest_route=%2Fwp%2Fv2%2Fcategories&post=34810"},{"taxonomy":"post_tag","embeddable":true,"href":"https:\/\/www.sportingcanal.com\/index.php?rest_route=%2Fwp%2Fv2%2Ftags&post=34810"}],"curies":[{"name":"wp","href":"https:\/\/api.w.org\/{rel}","templated":true}]}}