{"id":3492,"date":"2026-03-21T08:00:57","date_gmt":"2026-03-21T07:00:57","guid":{"rendered":"http:\/\/www.sportingcanal.com\/?p=3492"},"modified":"2026-03-22T21:59:26","modified_gmt":"2026-03-22T20:59:26","slug":"1935-bi-campeoes-regionais-9%c2%ba-titulo-e-rivais-alcancados","status":"publish","type":"post","link":"https:\/\/www.sportingcanal.com\/?p=3492","title":{"rendered":"1935 \u2013 Bicampe\u00f5es Regionais de Futebol (9\u00ba t\u00edtulo) e rivais alcan\u00e7ados"},"content":{"rendered":"<p>21 de Mar\u00e7o de 1935. Neste dia o Sporting, ao derrotar o Belenenses, sagrou-se bicampe\u00e3o Regional, alcan\u00e7ando o Benfica em t\u00edtulos (9), advers\u00e1rio que viria a ser largamente ultrapassado.<\/p>\n<p>Sporting, Benfica e Belenenses chegaram empatados ao final do Campeonato Regional de Lisboa. Para decidir a atribui\u00e7\u00e3o do t\u00edtulo houve que disputar um mini-campeonato a 3. Em Dezembro o Sporting j\u00e1 derrotara o Benfica por 2-1 e restava agora a partida decisiva frente aos azuis, jogo realizado em Santo Amaro.<\/p>\n<p>Treinados por Joaquim Filipe dos Santos, os le\u00f5es alinharam com:\u00a0Dyson; Jurado e Joaquim Serrano; Abelhinha, Rui de Ara\u00fajo e Faustino; Rui Carneiro, Vasco Nunes, Soeiro, Ferdinando e Francisco Lopes.<\/p>\n<p>Este foi um jogo muito violento que n\u00e3o deixou grandes saudades. Muitos nervos foram mostrados por ambas as equipas, que n\u00e3o jogaram um bom futebol, se bem que o Sporting se tenha sempre superiorizado. A entrada no jogo foi \u201c\u00e0 le\u00e3o\u201d. Logo de in\u00edcio, com assist\u00eancia de Soeiro, Ferdinando inaugurou o marcador. Devido a uma m\u00e3o de Belo, aos 4 minutos, Rui Carneiro fez de penalty o 2-0.<\/p>\n<p>O Belenenses n\u00e3o se conformou com a desvantagem, insistindo no ataque, e num lance de grande confus\u00e3o em que Dyson n\u00e3o foi completamente decidido, Justiniano reduziu. As \u201cescaramu\u00e7as\u201d come\u00e7aram entretanto perante a complac\u00eancia do \u00e1rbitro, que mostrava pouca autoridade.<\/p>\n<p>Quando os azuis procuravam o empate, Soeiro arrancou de forma poderos\u00edssima, rematou com for\u00e7a, Lanceiro n\u00e3o segurou e Francisco Lopes fez sem problemas o 3-1. Antes do intervalo Francisco Lopes aumentou a conta (um golo \u201co mais regular poss\u00edvel\u201d segundo o jornal &#8220;Os Sports&#8221;), mas o \u00e1rbitro anulou por m\u00e3o do extremo leonino.<\/p>\n<p>Logo no in\u00edcio do 2\u00ba tempo (para o qual entrou muito bem) o Sporting elevou a parada. A centro de Francisco Lopes, Soeiro (foto de arquivo) n\u00e3o perdoou. At\u00e9 final o Belenenses ainda reduziu por Jos\u00e9 Lu\u00eds (estabelecendo o 4-2 final) e a partida decorreu com dom\u00ednio alternado e muita viol\u00eancia. Vasco Nunes e Viegas, Soeiro e Justiniano, Ferdinando e Rodrigues Alves, passaram o tempo em \u201cdespiques rancorosos\u201d.<\/p>\n<p>O trio defensivo, Rui de Ara\u00fajo (que procurou sempre acalmar os \u00e2nimos sem o conseguir) e Soeiro foram os sportinguistas mais em destaque na partida que consagrou os le\u00f5es Campe\u00f5es de Lisboa pela 9\u00aa vez.<\/p>\n<div class=\"tweetthis\" style=\"text-align:left;\"><p> <a target=\"_blank\" rel=\"nofollow\" class=\"tt\" href=\"http:\/\/twitter.com\/home\/?status=1935+%E2%80%93+Bicampe%C3%B5es+Regionais+de+Futebol+%289%C2%BA+t%C3%ADtulo%29+e+rivais+alcan%C3%A7ados+https%3A%2F%2Fis.gd%2F4eswkB\" title=\"Post to Twitter\"><img decoding=\"async\" class=\"nothumb\" src=\"http:\/\/www.sportingcanal.com\/wp-content\/plugins\/tweet-this\/icons\/en\/twitter\/tt-twitter6.png\" alt=\"Post to Twitter\" \/><\/a><\/p><\/div>","protected":false},"excerpt":{"rendered":"<p>21 de Mar\u00e7o de 1935. Neste dia o Sporting, ao derrotar o Belenenses, sagrou-se bicampe\u00e3o Regional, alcan\u00e7ando o Benfica em t\u00edtulos (9), advers\u00e1rio que viria a ser largamente ultrapassado. Sporting, Benfica e Belenenses chegaram empatados ao final do Campeonato Regional de Lisboa. Para decidir a atribui\u00e7\u00e3o do t\u00edtulo houve que disputar um mini-campeonato a 3. [&hellip;]<\/p>\n","protected":false},"author":1,"featured_media":3493,"comment_status":"open","ping_status":"open","sticky":false,"template":"","format":"standard","meta":{"_et_pb_use_builder":"","_et_pb_old_content":"","_et_gb_content_width":"","footnotes":""},"categories":[17],"tags":[28,8],"_links":{"self":[{"href":"https:\/\/www.sportingcanal.com\/index.php?rest_route=\/wp\/v2\/posts\/3492"}],"collection":[{"href":"https:\/\/www.sportingcanal.com\/index.php?rest_route=\/wp\/v2\/posts"}],"about":[{"href":"https:\/\/www.sportingcanal.com\/index.php?rest_route=\/wp\/v2\/types\/post"}],"author":[{"embeddable":true,"href":"https:\/\/www.sportingcanal.com\/index.php?rest_route=\/wp\/v2\/users\/1"}],"replies":[{"embeddable":true,"href":"https:\/\/www.sportingcanal.com\/index.php?rest_route=%2Fwp%2Fv2%2Fcomments&post=3492"}],"version-history":[{"count":23,"href":"https:\/\/www.sportingcanal.com\/index.php?rest_route=\/wp\/v2\/posts\/3492\/revisions"}],"predecessor-version":[{"id":39866,"href":"https:\/\/www.sportingcanal.com\/index.php?rest_route=\/wp\/v2\/posts\/3492\/revisions\/39866"}],"wp:featuredmedia":[{"embeddable":true,"href":"https:\/\/www.sportingcanal.com\/index.php?rest_route=\/wp\/v2\/media\/3493"}],"wp:attachment":[{"href":"https:\/\/www.sportingcanal.com\/index.php?rest_route=%2Fwp%2Fv2%2Fmedia&parent=3492"}],"wp:term":[{"taxonomy":"category","embeddable":true,"href":"https:\/\/www.sportingcanal.com\/index.php?rest_route=%2Fwp%2Fv2%2Fcategories&post=3492"},{"taxonomy":"post_tag","embeddable":true,"href":"https:\/\/www.sportingcanal.com\/index.php?rest_route=%2Fwp%2Fv2%2Ftags&post=3492"}],"curies":[{"name":"wp","href":"https:\/\/api.w.org\/{rel}","templated":true}]}}