{"id":3498,"date":"2026-03-21T08:30:22","date_gmt":"2026-03-21T07:30:22","guid":{"rendered":"http:\/\/www.sportingcanal.com\/?p=3498"},"modified":"2026-03-22T21:59:30","modified_gmt":"2026-03-22T20:59:30","slug":"5-2-no-classico-frente-aos-azuis-e-brancos","status":"publish","type":"post","link":"https:\/\/www.sportingcanal.com\/?p=3498","title":{"rendered":"1943 &#8211; 5-2 num cl\u00e1ssico com Daniel e Peyroteo em destaque"},"content":{"rendered":"<p>21 de Mar\u00e7o de 1943. Neste dia o Sporting recebeu o FC Porto em jogo a contar para a 11\u00aa jornada dum Campeonato Nacional disputad\u00edssimo (entre Sporting, Benfica e Belenenses). Na altura os verde e brancos estavam no 3\u00ba lugar, e subiram uma posi\u00e7\u00e3o nesta tarde de grande futebol.\u00a0Comandados por Jozef Szabo, os le\u00f5es alinharam com: Azevedo; Oct\u00e1vio Barrosa e \u00c1lvaro Cardoso; Can\u00e1rio, Ant\u00f3nio Louren\u00e7o e Jo\u00e3o Nogueira; Mour\u00e3o, Armando Ferreira, <a href=\"http:\/\/www.sportingcanal.com\/?p=871\">Peyroteo<\/a>, Daniel e Jo\u00e3o Cruz.<\/p>\n<p>Os visitantes at\u00e9 foram os primeiros a marcar, por Ara\u00fajo, \u00e0 passagem dos 23 minutos, mas logo na jogada seguinte Daniel restabeleceu o empate. Ambas as equipas necessitavam do triunfo, pelo que o FC Porto surgiu ambicioso no Est\u00e1dio do Lumiar, e Correia Dias voltou a dar vantagem aos nortenhos aos 36 minutos. Imediatamente antes do intervalo Mour\u00e3o voltou a empatar a contenda, pelo que era de 2-2 o resultado no descanso, esperando-se com ansiedade aquilo que as equipas poderiam produzir no 2\u00ba tempo.<\/p>\n<p>A verdade \u00e9 que no per\u00edodo complementar os sportinguistas estiveram irresist\u00edveis. Daniel bisou fazendo o 3-2, e Jo\u00e3o Cruz, aos 65 minutos, acabou com as d\u00favidas. A 9 minutos do fim, Peyroteo (foto de arquivo) comp\u00f4s o 5-2 final, uma vit\u00f3ria magn\u00edfica numa tarde memor\u00e1vel para os sportinguistas, onde o jovem Daniel esteve em particular destaque.<\/p>\n<p>Foto (arquivo): Peyroteo<\/p>\n<div class=\"tweetthis\" style=\"text-align:left;\"><p> <a target=\"_blank\" rel=\"nofollow\" class=\"tt\" href=\"http:\/\/twitter.com\/home\/?status=1943+%E2%80%93+5-2+num+cl%C3%A1ssico+com+Daniel+e+Peyroteo+em+destaque+https%3A%2F%2Fis.gd%2F2Ispte\" title=\"Post to Twitter\"><img decoding=\"async\" class=\"nothumb\" src=\"http:\/\/www.sportingcanal.com\/wp-content\/plugins\/tweet-this\/icons\/en\/twitter\/tt-twitter6.png\" alt=\"Post to Twitter\" \/><\/a><\/p><\/div>","protected":false},"excerpt":{"rendered":"<p>21 de Mar\u00e7o de 1943. Neste dia o Sporting recebeu o FC Porto em jogo a contar para a 11\u00aa jornada dum Campeonato Nacional disputad\u00edssimo (entre Sporting, Benfica e Belenenses). Na altura os verde e brancos estavam no 3\u00ba lugar, e subiram uma posi\u00e7\u00e3o nesta tarde de grande futebol.\u00a0Comandados por Jozef Szabo, os le\u00f5es alinharam [&hellip;]<\/p>\n","protected":false},"author":1,"featured_media":3499,"comment_status":"open","ping_status":"open","sticky":false,"template":"","format":"standard","meta":{"_et_pb_use_builder":"","_et_pb_old_content":"","_et_gb_content_width":"","footnotes":""},"categories":[4],"tags":[22,8,68],"_links":{"self":[{"href":"https:\/\/www.sportingcanal.com\/index.php?rest_route=\/wp\/v2\/posts\/3498"}],"collection":[{"href":"https:\/\/www.sportingcanal.com\/index.php?rest_route=\/wp\/v2\/posts"}],"about":[{"href":"https:\/\/www.sportingcanal.com\/index.php?rest_route=\/wp\/v2\/types\/post"}],"author":[{"embeddable":true,"href":"https:\/\/www.sportingcanal.com\/index.php?rest_route=\/wp\/v2\/users\/1"}],"replies":[{"embeddable":true,"href":"https:\/\/www.sportingcanal.com\/index.php?rest_route=%2Fwp%2Fv2%2Fcomments&post=3498"}],"version-history":[{"count":24,"href":"https:\/\/www.sportingcanal.com\/index.php?rest_route=\/wp\/v2\/posts\/3498\/revisions"}],"predecessor-version":[{"id":39865,"href":"https:\/\/www.sportingcanal.com\/index.php?rest_route=\/wp\/v2\/posts\/3498\/revisions\/39865"}],"wp:featuredmedia":[{"embeddable":true,"href":"https:\/\/www.sportingcanal.com\/index.php?rest_route=\/wp\/v2\/media\/3499"}],"wp:attachment":[{"href":"https:\/\/www.sportingcanal.com\/index.php?rest_route=%2Fwp%2Fv2%2Fmedia&parent=3498"}],"wp:term":[{"taxonomy":"category","embeddable":true,"href":"https:\/\/www.sportingcanal.com\/index.php?rest_route=%2Fwp%2Fv2%2Fcategories&post=3498"},{"taxonomy":"post_tag","embeddable":true,"href":"https:\/\/www.sportingcanal.com\/index.php?rest_route=%2Fwp%2Fv2%2Ftags&post=3498"}],"curies":[{"name":"wp","href":"https:\/\/api.w.org\/{rel}","templated":true}]}}