{"id":35061,"date":"2025-11-19T09:30:17","date_gmt":"2025-11-19T08:30:17","guid":{"rendered":"http:\/\/www.sportingcanal.com\/?p=35061"},"modified":"2025-11-19T12:01:45","modified_gmt":"2025-11-19T11:01:45","slug":"judo-sporting-5-sport-alges-e-dafundo-0-pentacampeoes-nacionais","status":"publish","type":"post","link":"https:\/\/www.sportingcanal.com\/?p=35061","title":{"rendered":"2022 &#8211; Pentacampe\u00f5es nacionais de Judo!"},"content":{"rendered":"<p>19 de Novembro de 2022. A equipa masculina de Judo do Sporting sagrou-se neste s\u00e1bado Pentacampe\u00e3 Nacional ao vencer a competi\u00e7\u00e3o que se realizou no Col\u00e9gio da Imaculada Concei\u00e7\u00e3o, em Cernache, Coimbra.<\/p>\n<p>Os le\u00f5es, orientados por Pedro Soares, conquistaram o t\u00edtulo pela 9\u00aa vez na Hist\u00f3ria &#8211; e nas \u00faltimas 10 edi\u00e7\u00f5es &#8211; e alimentaram ainda mais a hegemonia na modalidade.<\/p>\n<p>O Sporting CP come\u00e7ou por derrotar o Clube Constru\u00e7\u00f5es Norte-Sul por 4-1, seguindo-se nova vit\u00f3ria pelo mesmo resultado contra o Judo Clube de Lisboa nas meias-finais. Na final, o emblema de Alvalade encontrou o Sport Alg\u00e9s e Dafundo e venceu por uns claros 5-0, assegurando a conquista do Campeonato Nacional.<\/p>\n<p>Para esta prova, a jovem equipa verde e branca foi composta por David Garc\u00eda Torne e Tom\u00e1s Fonseca (-66kg), Otari Kvantidze e Daniel Cebotari (-73kg), Jo\u00e3o Fernando e Miguel Alves (-81kg), Kevin Su\u00e1rez e Diogo Lu\u00eds (-90kg) e Jorge Fonseca e Diogo Brites (+90kg).<\/p>\n<div class=\"tweetthis\" style=\"text-align:left;\"><p> <a target=\"_blank\" rel=\"nofollow\" class=\"tt\" href=\"http:\/\/twitter.com\/home\/?status=2022+%E2%80%93+Pentacampe%C3%B5es+nacionais+de+Judo%21+https%3A%2F%2Fis.gd%2FeHXV9Q\" title=\"Post to Twitter\"><img decoding=\"async\" class=\"nothumb\" src=\"http:\/\/www.sportingcanal.com\/wp-content\/plugins\/tweet-this\/icons\/en\/twitter\/tt-twitter6.png\" alt=\"Post to Twitter\" \/><\/a><\/p><\/div>","protected":false},"excerpt":{"rendered":"<p>19 de Novembro de 2022. A equipa masculina de Judo do Sporting sagrou-se neste s\u00e1bado Pentacampe\u00e3 Nacional ao vencer a competi\u00e7\u00e3o que se realizou no Col\u00e9gio da Imaculada Concei\u00e7\u00e3o, em Cernache, Coimbra. Os le\u00f5es, orientados por Pedro Soares, conquistaram o t\u00edtulo pela 9\u00aa vez na Hist\u00f3ria &#8211; e nas \u00faltimas 10 edi\u00e7\u00f5es &#8211; e alimentaram [&hellip;]<\/p>\n","protected":false},"author":1,"featured_media":35063,"comment_status":"open","ping_status":"closed","sticky":false,"template":"","format":"standard","meta":{"_et_pb_use_builder":"","_et_pb_old_content":"","_et_gb_content_width":"","footnotes":""},"categories":[17],"tags":[22,81],"_links":{"self":[{"href":"https:\/\/www.sportingcanal.com\/index.php?rest_route=\/wp\/v2\/posts\/35061"}],"collection":[{"href":"https:\/\/www.sportingcanal.com\/index.php?rest_route=\/wp\/v2\/posts"}],"about":[{"href":"https:\/\/www.sportingcanal.com\/index.php?rest_route=\/wp\/v2\/types\/post"}],"author":[{"embeddable":true,"href":"https:\/\/www.sportingcanal.com\/index.php?rest_route=\/wp\/v2\/users\/1"}],"replies":[{"embeddable":true,"href":"https:\/\/www.sportingcanal.com\/index.php?rest_route=%2Fwp%2Fv2%2Fcomments&post=35061"}],"version-history":[{"count":3,"href":"https:\/\/www.sportingcanal.com\/index.php?rest_route=\/wp\/v2\/posts\/35061\/revisions"}],"predecessor-version":[{"id":39282,"href":"https:\/\/www.sportingcanal.com\/index.php?rest_route=\/wp\/v2\/posts\/35061\/revisions\/39282"}],"wp:featuredmedia":[{"embeddable":true,"href":"https:\/\/www.sportingcanal.com\/index.php?rest_route=\/wp\/v2\/media\/35063"}],"wp:attachment":[{"href":"https:\/\/www.sportingcanal.com\/index.php?rest_route=%2Fwp%2Fv2%2Fmedia&parent=35061"}],"wp:term":[{"taxonomy":"category","embeddable":true,"href":"https:\/\/www.sportingcanal.com\/index.php?rest_route=%2Fwp%2Fv2%2Fcategories&post=35061"},{"taxonomy":"post_tag","embeddable":true,"href":"https:\/\/www.sportingcanal.com\/index.php?rest_route=%2Fwp%2Fv2%2Ftags&post=35061"}],"curies":[{"name":"wp","href":"https:\/\/api.w.org\/{rel}","templated":true}]}}