{"id":3535,"date":"2026-03-23T08:00:27","date_gmt":"2026-03-23T07:00:27","guid":{"rendered":"http:\/\/www.sportingcanal.com\/?p=3535"},"modified":"2026-03-25T21:20:53","modified_gmt":"2026-03-25T20:20:53","slug":"leal-um-lateral-regular-e-eficaz","status":"publish","type":"post","link":"https:\/\/www.sportingcanal.com\/?p=3535","title":{"rendered":"Leal \u2013 Lateral regular e eficaz"},"content":{"rendered":"<p>Jos\u00e9 Martins Leal nasceu a 23 de Mar\u00e7o de 1965 em Luanda \u2013 Angola. Come\u00e7ou nos Repesenses e passou ainda pelo Viseu e Benfica antes de dar nas vistas no Acad\u00e9mico de Viseu.<\/p>\n<p>Chegou ao Sporting proveniente da turma viseense no Ver\u00e3o de 1989. Estreou-se oficialmente no Sporting-N\u00e1poles (0-0) para a Ta\u00e7a UEFA. A sua posi\u00e7\u00e3o de origem era a de defesa-central, mas Manuel Jos\u00e9 come\u00e7ou a utiliz\u00e1-lo como lateral-esquerdo (Ven\u00e2ncio, Luizinho e Miguel garantiam efic\u00e1cia no eixo defensivo) e por a\u00ed se fixou. Logo na 1\u00aa \u00e9poca foi o defesa-esquerdo mais utilizado da equipa com 20 presen\u00e7as.<\/p>\n<p>Marcou o 1\u00ba golo j\u00e1 na \u00e9poca seguinte, na Amadora, a 29 de Setembro de 1990 (tento decisivo, nos \u00faltimos minutos, no triunfo por 2-1 da equipa de Marinho Peres, que somava vit\u00f3rias no in\u00edcio do Campeonato). Nessa temporada foi, a par de Gomes, o futebolista mais utilizado da equipa (50 jogos), conseguindo fazer 5 golos.<\/p>\n<p>Futebolista regular e muito utilizado independentemente dos treinadores que iam passando pela equipa, voltou a ser dos mais efetivos em 1991\/92 (a par Ivkovic, Figo e Cadete) com 38 jogos oficiais. Mais uma vez fez 5 golos. Com Bobby Robson, em 1992\/93, manteve a titularidade. Marcou o \u00faltimo golo a 2 de Maio de 1993 num triunfo em Guimar\u00e3es por 3-2. Curiosamente, o seu substituto natural &#8211; Paulo Torres, marcou a\u00ed pela 1\u00aa vez. No ano seguinte Paulo Torres afirmou-se definitivamente e Leal jogou pouco (apenas 9 jogos), acabando dispensado. Alinhou pela \u00faltima vez de verde e branco a 2 de Junho de 1994 na \u00faltima jornada do Campeonato frente ao Pa\u00e7os de Ferreira (3-1).<\/p>\n<p>Fez um total de 5 \u00e9pocas e 148 jogos oficiais pelo Sporting, nos quais marcou 12 golos. Deixou uma imagem muito positiva na sua passagem pelos le\u00f5es. Alto, bom no jogo a\u00e9reo e com uma t\u00e9cnica bem razo\u00e1vel, chegou a internacional A por 15 vezes (1 golo).<\/p>\n<p>Depois do Sporting esteve no Belenenses e Felgueiras (apenas 1 ano), at\u00e9 se fixar no Estrela da Amadora (onde permaneceu mais 5 anos). Acabou a carreira no Acad\u00e9mico de Viseu (j\u00e1 com 38 anos), depois de ter estado duas \u00e9pocas no Santa Clara dos A\u00e7ores.<\/p>\n<div class=\"tweetthis\" style=\"text-align:left;\"><p> <a target=\"_blank\" rel=\"nofollow\" class=\"tt\" href=\"http:\/\/twitter.com\/home\/?status=Leal+%E2%80%93+Lateral+regular+e+eficaz+https%3A%2F%2Fis.gd%2F8wFAqp\" title=\"Post to Twitter\"><img decoding=\"async\" class=\"nothumb\" src=\"http:\/\/www.sportingcanal.com\/wp-content\/plugins\/tweet-this\/icons\/en\/twitter\/tt-twitter6.png\" alt=\"Post to Twitter\" \/><\/a><\/p><\/div>","protected":false},"excerpt":{"rendered":"<p>Jos\u00e9 Martins Leal nasceu a 23 de Mar\u00e7o de 1965 em Luanda \u2013 Angola. Come\u00e7ou nos Repesenses e passou ainda pelo Viseu e Benfica antes de dar nas vistas no Acad\u00e9mico de Viseu. Chegou ao Sporting proveniente da turma viseense no Ver\u00e3o de 1989. Estreou-se oficialmente no Sporting-N\u00e1poles (0-0) para a Ta\u00e7a UEFA. A sua [&hellip;]<\/p>\n","protected":false},"author":1,"featured_media":3536,"comment_status":"open","ping_status":"open","sticky":false,"template":"","format":"standard","meta":{"_et_pb_use_builder":"","_et_pb_old_content":"","_et_gb_content_width":"","footnotes":""},"categories":[63],"tags":[65,8,269],"_links":{"self":[{"href":"https:\/\/www.sportingcanal.com\/index.php?rest_route=\/wp\/v2\/posts\/3535"}],"collection":[{"href":"https:\/\/www.sportingcanal.com\/index.php?rest_route=\/wp\/v2\/posts"}],"about":[{"href":"https:\/\/www.sportingcanal.com\/index.php?rest_route=\/wp\/v2\/types\/post"}],"author":[{"embeddable":true,"href":"https:\/\/www.sportingcanal.com\/index.php?rest_route=\/wp\/v2\/users\/1"}],"replies":[{"embeddable":true,"href":"https:\/\/www.sportingcanal.com\/index.php?rest_route=%2Fwp%2Fv2%2Fcomments&post=3535"}],"version-history":[{"count":24,"href":"https:\/\/www.sportingcanal.com\/index.php?rest_route=\/wp\/v2\/posts\/3535\/revisions"}],"predecessor-version":[{"id":39877,"href":"https:\/\/www.sportingcanal.com\/index.php?rest_route=\/wp\/v2\/posts\/3535\/revisions\/39877"}],"wp:featuredmedia":[{"embeddable":true,"href":"https:\/\/www.sportingcanal.com\/index.php?rest_route=\/wp\/v2\/media\/3536"}],"wp:attachment":[{"href":"https:\/\/www.sportingcanal.com\/index.php?rest_route=%2Fwp%2Fv2%2Fmedia&parent=3535"}],"wp:term":[{"taxonomy":"category","embeddable":true,"href":"https:\/\/www.sportingcanal.com\/index.php?rest_route=%2Fwp%2Fv2%2Fcategories&post=3535"},{"taxonomy":"post_tag","embeddable":true,"href":"https:\/\/www.sportingcanal.com\/index.php?rest_route=%2Fwp%2Fv2%2Ftags&post=3535"}],"curies":[{"name":"wp","href":"https:\/\/api.w.org\/{rel}","templated":true}]}}