{"id":3542,"date":"2026-03-24T08:00:00","date_gmt":"2026-03-24T07:00:00","guid":{"rendered":"http:\/\/www.sportingcanal.com\/?p=3542"},"modified":"2026-03-25T21:21:34","modified_gmt":"2026-03-25T20:21:34","slug":"tetra-campeoes-regionais-de-andebol-de-onze","status":"publish","type":"post","link":"https:\/\/www.sportingcanal.com\/?p=3542","title":{"rendered":"1935 &#8211; Tetracampe\u00f5es Regionais de Andebol de Onze"},"content":{"rendered":"<p>24 de Mar\u00e7o de 1935. Com uma vit\u00f3ria por 2-0 sobre Os Treze (o grande rival regional), os le\u00f5es sagraram-se pela 4\u00aa vez Campe\u00f5es Regionais de Andebol. C\u00e2ndido fez os 2 golos desse importante triunfo duma equipa que alinhou com Aleluia (Almasqu\u00e9); Fontainhas, Farinha (Am\u00e9rico Nunes), Guilherme C\u00e9sar, Abreu, Manuel da Silva, Borges de Castro, Vidal, Carvalho, Jos\u00e9 Manuel Martins e C\u00e2ndido.<\/p>\n<p>Esta conquista seguiu-se \u00e0 vit\u00f3ria no Torneio Prepara\u00e7\u00e3o ajudando a cimentar o dom\u00ednio leonino na modalidade. Durante o Torneio o Sporting perdeu pela 1\u00aa vez um jogo. Foi a 14 de Outubro de 1934, dia que ficou marcado na Hist\u00f3ria do Andebol lisboeta como sendo o da 1\u00aa derrota sportinguista numa partida (ao fim de 4 anos!). Foi por 2-1, frente ao Os Treze, mas que n\u00e3o impediu o triunfo sportinguista no j\u00e1 referido Torneio Prepara\u00e7\u00e3o.<\/p>\n<p>Para completar a temporada em beleza o Sporting ainda arrebataria a Ta\u00e7a de Honra, ao bater o Acad\u00e9mico, em duas m\u00e3os, por 3-1 e 5-2.<\/p>\n<div class=\"tweetthis\" style=\"text-align:left;\"><p> <a target=\"_blank\" rel=\"nofollow\" class=\"tt\" href=\"http:\/\/twitter.com\/home\/?status=1935+%E2%80%93+Tetracampe%C3%B5es+Regionais+de+Andebol+de+Onze+https%3A%2F%2Fis.gd%2FEyfoE8\" title=\"Post to Twitter\"><img decoding=\"async\" class=\"nothumb\" src=\"http:\/\/www.sportingcanal.com\/wp-content\/plugins\/tweet-this\/icons\/en\/twitter\/tt-twitter6.png\" alt=\"Post to Twitter\" \/><\/a><\/p><\/div>","protected":false},"excerpt":{"rendered":"<p>24 de Mar\u00e7o de 1935. Com uma vit\u00f3ria por 2-0 sobre Os Treze (o grande rival regional), os le\u00f5es sagraram-se pela 4\u00aa vez Campe\u00f5es Regionais de Andebol. C\u00e2ndido fez os 2 golos desse importante triunfo duma equipa que alinhou com Aleluia (Almasqu\u00e9); Fontainhas, Farinha (Am\u00e9rico Nunes), Guilherme C\u00e9sar, Abreu, Manuel da Silva, Borges de Castro, [&hellip;]<\/p>\n","protected":false},"author":1,"featured_media":3543,"comment_status":"open","ping_status":"open","sticky":false,"template":"","format":"standard","meta":{"_et_pb_use_builder":"","_et_pb_old_content":"","_et_gb_content_width":"","footnotes":""},"categories":[4],"tags":[42,28],"_links":{"self":[{"href":"https:\/\/www.sportingcanal.com\/index.php?rest_route=\/wp\/v2\/posts\/3542"}],"collection":[{"href":"https:\/\/www.sportingcanal.com\/index.php?rest_route=\/wp\/v2\/posts"}],"about":[{"href":"https:\/\/www.sportingcanal.com\/index.php?rest_route=\/wp\/v2\/types\/post"}],"author":[{"embeddable":true,"href":"https:\/\/www.sportingcanal.com\/index.php?rest_route=\/wp\/v2\/users\/1"}],"replies":[{"embeddable":true,"href":"https:\/\/www.sportingcanal.com\/index.php?rest_route=%2Fwp%2Fv2%2Fcomments&post=3542"}],"version-history":[{"count":20,"href":"https:\/\/www.sportingcanal.com\/index.php?rest_route=\/wp\/v2\/posts\/3542\/revisions"}],"predecessor-version":[{"id":39886,"href":"https:\/\/www.sportingcanal.com\/index.php?rest_route=\/wp\/v2\/posts\/3542\/revisions\/39886"}],"wp:featuredmedia":[{"embeddable":true,"href":"https:\/\/www.sportingcanal.com\/index.php?rest_route=\/wp\/v2\/media\/3543"}],"wp:attachment":[{"href":"https:\/\/www.sportingcanal.com\/index.php?rest_route=%2Fwp%2Fv2%2Fmedia&parent=3542"}],"wp:term":[{"taxonomy":"category","embeddable":true,"href":"https:\/\/www.sportingcanal.com\/index.php?rest_route=%2Fwp%2Fv2%2Fcategories&post=3542"},{"taxonomy":"post_tag","embeddable":true,"href":"https:\/\/www.sportingcanal.com\/index.php?rest_route=%2Fwp%2Fv2%2Ftags&post=3542"}],"curies":[{"name":"wp","href":"https:\/\/api.w.org\/{rel}","templated":true}]}}