{"id":35636,"date":"2026-03-04T09:30:07","date_gmt":"2026-03-04T08:30:07","guid":{"rendered":"http:\/\/www.sportingcanal.com\/?p=35636"},"modified":"2026-03-04T15:17:45","modified_gmt":"2026-03-04T14:17:45","slug":"kickboxing-andre-santos-revalidou-titulo-mundial","status":"publish","type":"post","link":"https:\/\/www.sportingcanal.com\/?p=35636","title":{"rendered":"2023 &#8211; Andr\u00e9 Santos revalidou t\u00edtulo mundial em WAKO Pro K1!"},"content":{"rendered":"<p>4 de Mar\u00e7o de 2023. Andr\u00e9 Santos, atleta de Kickboxing do Sporting CP, revalidou neste s\u00e1bado o t\u00edtulo de Campe\u00e3o do Mundo WAKO Pro em K1 66,8 kg.<\/p>\n<p>No Pavilh\u00e3o Desportivo de Vilarinho do Bairro, em Anadia, o portugu\u00eas superou o turco Emre Korkmaz por decis\u00e3o un\u00e2nime dos ju\u00edzes (50-48) e segurou um cintur\u00e3o que havia conquistado em Agosto de 2022.<\/p>\n<p>Num dos combates mais complicados da carreira, Andr\u00e9 Santos viu os 3 primeiros assaltos serem bastante disputados, com o le\u00e3o a pressionar mais enquanto Emre Korkmaz apostava no contragolpe com perigosos pontap\u00e9s rotativos. Mesmo perante uma oposi\u00e7\u00e3o de qualidade, Andr\u00e9 Santos respondeu muito bem nos \u00faltimos 2 assaltos, conseguindo assegurar a vit\u00f3ria.<\/p>\n<p>No final do evento, o Campe\u00e3o Mundial destacou o &#8220;bom combate, muito bem disputado por ambas as partes (&#8230;) Penso que o p\u00fablico que esteve presente na arena gostou, os f\u00e3s do Kickboxing gostaram e isso \u00e9 o mais importante. O t\u00edtulo ficou em casa e isso significa muito porque \u00e9 para isto que trabalhamos todos os dias. Fico muito contente por ganhar mais um t\u00edtulo para mim, para a minha fam\u00edlia, para o meu clube e para o meu pa\u00eds. Agrade\u00e7o ao promotor Paulo Santos e \u00e0 Federa\u00e7\u00e3o Internacional WAKO PRO por tornarem isto poss\u00edvel, \u00e9 importante que tudo isto aconte\u00e7a e que haja mais eventos destes em Portugal. S\u00f3 assim \u00e9 que o Kickboxing portugu\u00eas pode continuar a crescer e s\u00f3 assim \u00e9 que podemos trazer estes grandes t\u00edtulos para o nosso pa\u00eds&#8221;.<\/p>\n<div class=\"tweetthis\" style=\"text-align:left;\"><p> <a target=\"_blank\" rel=\"nofollow\" class=\"tt\" href=\"http:\/\/twitter.com\/home\/?status=2023+%E2%80%93+Andr%C3%A9+Santos+revalidou+t%C3%ADtulo+mundial+em+WAKO+Pro+K1%21+https%3A%2F%2Fis.gd%2FYAFTqi\" title=\"Post to Twitter\"><img decoding=\"async\" class=\"nothumb\" src=\"http:\/\/www.sportingcanal.com\/wp-content\/plugins\/tweet-this\/icons\/en\/twitter\/tt-twitter6.png\" alt=\"Post to Twitter\" \/><\/a><\/p><\/div>","protected":false},"excerpt":{"rendered":"<p>4 de Mar\u00e7o de 2023. Andr\u00e9 Santos, atleta de Kickboxing do Sporting CP, revalidou neste s\u00e1bado o t\u00edtulo de Campe\u00e3o do Mundo WAKO Pro em K1 66,8 kg. No Pavilh\u00e3o Desportivo de Vilarinho do Bairro, em Anadia, o portugu\u00eas superou o turco Emre Korkmaz por decis\u00e3o un\u00e2nime dos ju\u00edzes (50-48) e segurou um cintur\u00e3o que [&hellip;]<\/p>\n","protected":false},"author":1,"featured_media":35637,"comment_status":"open","ping_status":"closed","sticky":false,"template":"","format":"standard","meta":{"_et_pb_use_builder":"","_et_pb_old_content":"","_et_gb_content_width":"","footnotes":""},"categories":[4],"tags":[233,39,82],"_links":{"self":[{"href":"https:\/\/www.sportingcanal.com\/index.php?rest_route=\/wp\/v2\/posts\/35636"}],"collection":[{"href":"https:\/\/www.sportingcanal.com\/index.php?rest_route=\/wp\/v2\/posts"}],"about":[{"href":"https:\/\/www.sportingcanal.com\/index.php?rest_route=\/wp\/v2\/types\/post"}],"author":[{"embeddable":true,"href":"https:\/\/www.sportingcanal.com\/index.php?rest_route=\/wp\/v2\/users\/1"}],"replies":[{"embeddable":true,"href":"https:\/\/www.sportingcanal.com\/index.php?rest_route=%2Fwp%2Fv2%2Fcomments&post=35636"}],"version-history":[{"count":4,"href":"https:\/\/www.sportingcanal.com\/index.php?rest_route=\/wp\/v2\/posts\/35636\/revisions"}],"predecessor-version":[{"id":39759,"href":"https:\/\/www.sportingcanal.com\/index.php?rest_route=\/wp\/v2\/posts\/35636\/revisions\/39759"}],"wp:featuredmedia":[{"embeddable":true,"href":"https:\/\/www.sportingcanal.com\/index.php?rest_route=\/wp\/v2\/media\/35637"}],"wp:attachment":[{"href":"https:\/\/www.sportingcanal.com\/index.php?rest_route=%2Fwp%2Fv2%2Fmedia&parent=35636"}],"wp:term":[{"taxonomy":"category","embeddable":true,"href":"https:\/\/www.sportingcanal.com\/index.php?rest_route=%2Fwp%2Fv2%2Fcategories&post=35636"},{"taxonomy":"post_tag","embeddable":true,"href":"https:\/\/www.sportingcanal.com\/index.php?rest_route=%2Fwp%2Fv2%2Ftags&post=35636"}],"curies":[{"name":"wp","href":"https:\/\/api.w.org\/{rel}","templated":true}]}}