{"id":3573,"date":"2026-03-25T08:00:31","date_gmt":"2026-03-25T07:00:31","guid":{"rendered":"http:\/\/www.sportingcanal.com\/?p=3573"},"modified":"2026-03-25T21:22:09","modified_gmt":"2026-03-25T20:22:09","slug":"rui-de-araujo","status":"publish","type":"post","link":"https:\/\/www.sportingcanal.com\/?p=3573","title":{"rendered":"Rui de Ara\u00fajo"},"content":{"rendered":"<p>Nasceu a 25 de Mar\u00e7o de 1910 em Lisboa. Come\u00e7ou a dar os primeiros \u201cpontap\u00e9s na bola\u201d no Belenenses, onde esteve como infantil. Depois foi para o Uni\u00e3o de Lisboa, dando tanto nas vistas a ponto de ser contratado pelo Sporting.<\/p>\n<p>Estreou-se oficialmente pela turma leonina (com o t\u00e9cnico Rudolf Jeny) a 16 de Outubro de 1932 num Sporting-Barreirense (4-3) para a 1\u00aa jornada do Campeonato Regional de Lisboa. Marcou o 1\u00ba golo a 22 de Janeiro de 1933 frente ao Chelas (7-1).<\/p>\n<p>Jogador polivalente &#8211; alinhava em qualquer posi\u00e7\u00e3o da defesa ou do meio-campo &#8211; era apontado como um s\u00edmbolo de dedica\u00e7\u00e3o, sempre pronto a ajudar os colegas tanto dentro do campo como fora dele. Talvez por isso tenha sido durante largos anos capit\u00e3o da turma leonina, fazendo diversas \u00e9pocas seguidas sem falhar um \u00fanico jogo, mesmo que em m\u00e1s condi\u00e7\u00f5es f\u00edsicas.<\/p>\n<p>Chegou a defrontar o Benfica com um sobrolho aberto e o Belenenses com uma costela partida, mas nunca se atemorizou. Era um verdadeiro \u201ccorredor de fundo\u201d, com um pulm\u00e3o que nunca mais acabava, mas curiosamente muito r\u00e1pido no Atletismo, fazendo 9,3s aos 80 metros.<\/p>\n<p>Esteve no Sporting durante 10 temporadas nas quais realizou 243 jogos e marcou 9 golos. Ganhou 13 provas oficiais (4 Campeonatos Nacionais, 1 Ta\u00e7a de Portugal e 8 Regionais de Lisboa).<\/p>\n<p>Despediu-se do Sporting e da carreira de futebolista no dia 5 de Julho de 1942 em Guimar\u00e3es (1-2) para a Ta\u00e7a de Portugal.<\/p>\n<p>Foi 4 vezes internacional portugu\u00eas<\/p>\n<p>Morreu a 8 de Janeiro de 1998.<\/p>\n<div class=\"tweetthis\" style=\"text-align:left;\"><p> <a target=\"_blank\" rel=\"nofollow\" class=\"tt\" href=\"http:\/\/twitter.com\/home\/?status=Rui+de+Ara%C3%BAjo+https%3A%2F%2Fis.gd%2F3HtBRa\" title=\"Post to Twitter\"><img decoding=\"async\" class=\"nothumb\" src=\"http:\/\/www.sportingcanal.com\/wp-content\/plugins\/tweet-this\/icons\/en\/twitter\/tt-twitter6.png\" alt=\"Post to Twitter\" \/><\/a><\/p><\/div>","protected":false},"excerpt":{"rendered":"<p>Nasceu a 25 de Mar\u00e7o de 1910 em Lisboa. Come\u00e7ou a dar os primeiros \u201cpontap\u00e9s na bola\u201d no Belenenses, onde esteve como infantil. Depois foi para o Uni\u00e3o de Lisboa, dando tanto nas vistas a ponto de ser contratado pelo Sporting. Estreou-se oficialmente pela turma leonina (com o t\u00e9cnico Rudolf Jeny) a 16 de Outubro [&hellip;]<\/p>\n","protected":false},"author":1,"featured_media":3574,"comment_status":"open","ping_status":"open","sticky":false,"template":"","format":"standard","meta":{"_et_pb_use_builder":"","_et_pb_old_content":"","_et_gb_content_width":"","footnotes":""},"categories":[13],"tags":[8,64],"_links":{"self":[{"href":"https:\/\/www.sportingcanal.com\/index.php?rest_route=\/wp\/v2\/posts\/3573"}],"collection":[{"href":"https:\/\/www.sportingcanal.com\/index.php?rest_route=\/wp\/v2\/posts"}],"about":[{"href":"https:\/\/www.sportingcanal.com\/index.php?rest_route=\/wp\/v2\/types\/post"}],"author":[{"embeddable":true,"href":"https:\/\/www.sportingcanal.com\/index.php?rest_route=\/wp\/v2\/users\/1"}],"replies":[{"embeddable":true,"href":"https:\/\/www.sportingcanal.com\/index.php?rest_route=%2Fwp%2Fv2%2Fcomments&post=3573"}],"version-history":[{"count":22,"href":"https:\/\/www.sportingcanal.com\/index.php?rest_route=\/wp\/v2\/posts\/3573\/revisions"}],"predecessor-version":[{"id":39893,"href":"https:\/\/www.sportingcanal.com\/index.php?rest_route=\/wp\/v2\/posts\/3573\/revisions\/39893"}],"wp:featuredmedia":[{"embeddable":true,"href":"https:\/\/www.sportingcanal.com\/index.php?rest_route=\/wp\/v2\/media\/3574"}],"wp:attachment":[{"href":"https:\/\/www.sportingcanal.com\/index.php?rest_route=%2Fwp%2Fv2%2Fmedia&parent=3573"}],"wp:term":[{"taxonomy":"category","embeddable":true,"href":"https:\/\/www.sportingcanal.com\/index.php?rest_route=%2Fwp%2Fv2%2Fcategories&post=3573"},{"taxonomy":"post_tag","embeddable":true,"href":"https:\/\/www.sportingcanal.com\/index.php?rest_route=%2Fwp%2Fv2%2Ftags&post=3573"}],"curies":[{"name":"wp","href":"https:\/\/api.w.org\/{rel}","templated":true}]}}