{"id":3576,"date":"2026-03-23T08:30:00","date_gmt":"2026-03-23T07:30:00","guid":{"rendered":"http:\/\/www.sportingcanal.com\/?p=3576"},"modified":"2026-03-25T21:20:58","modified_gmt":"2026-03-25T20:20:58","slug":"as-ideias-de-retamoza-dias-o-novo-presidente","status":"publish","type":"post","link":"https:\/\/www.sportingcanal.com\/?p=3576","title":{"rendered":"1932 &#8211; As ideias de Retamoza Dias, o novo Presidente"},"content":{"rendered":"<p>23 de Mar\u00e7o de 1932. Neste dia \u00c1lvaro Lu\u00eds Retamoza Dias tomou posse como presidente do Sporting. Poucas semanas depois, numa entrevista ao jornal \u201cOs Sports\u201d, o novo l\u00edder leonino afirmava que: \u201cAssumir a presid\u00eancia foi para mim um sacrif\u00edcio e uma responsabilidade. Fi-lo por esp\u00edrito de disciplina e confiado na colabora\u00e7\u00e3o de numerosos amigos que me escolheram para t\u00e3o alto cargo.<\/p>\n<p>O Sporting Clube de Portugal atravessa financeiramente um momento dif\u00edcil fruto da crise econ\u00f3mica que \u00e9 geral no pa\u00eds. Procuraremos um equil\u00edbrio or\u00e7amental mas o Futebol merece-nos um cuidado especial. A disciplina, dedica\u00e7\u00e3o e compreens\u00e3o dos nossos atletas tem-nos facilitado o trabalho.<\/p>\n<p>Algumas sec\u00e7\u00f5es ser\u00e3o impulsionadas para ressurgirem. Vamos organizar as escolas de Nata\u00e7\u00e3o, mas ainda n\u00e3o temos o intuito de ganhar nesta modalidade.<\/p>\n<p>Continuaremos a prestar aten\u00e7\u00e3o ao Ciclismo, que tem tido sempre boa representa\u00e7\u00e3o &#8211; Alfredo de Sousa, a dedica\u00e7\u00e3o personificada, procurar\u00e1 reformar um bloco que chegou a marcar um valor insofism\u00e1vel.<\/p>\n<p>Na sec\u00e7\u00e3o de Andebol (de onze) vamos concorrer ao Campeonato de Lisboa e \u00e9 not\u00e1vel o n\u00famero de s\u00f3cios que quer praticar esta modalidade.<\/p>\n<p>No Atletismo a dedica\u00e7\u00e3o de M\u00e1rio Porto liberta-nos de preocupa\u00e7\u00f5es, e nos momentos decisivos n\u00e3o faltar\u00e1 o conselho precioso e a orienta\u00e7\u00e3o competente do dr. Salazar Carreira.<\/p>\n<p>O T\u00e9nis encontra-se entregue \u00e0 dedica\u00e7\u00e3o de Ant\u00f3nio Sim\u00f5es e os seus representantes v\u00e3o com certeza honrar as cores do clube.<\/p>\n<p>No que diz respeito \u00e0s rela\u00e7\u00f5es com o Benfica, elas t\u00eam no passado tantos pontos de contacto que a pr\u00f3pria tradi\u00e7\u00e3o impor\u00e1 uma solu\u00e7\u00e3o favor\u00e1vel aos interesses comuns. Existem dificuldades com o nosso atual campo de jogos que o plano de urbaniza\u00e7\u00e3o sacrificou com o tra\u00e7ado de duas ruas. Felizmente encontr\u00e1mos nas verea\u00e7\u00f5es o melhor desejo de n\u00e3o nos prejudicar, e a dedica\u00e7\u00e3o dos drs. Salazar Carreira e Oliveira Duarte (figuras que sempre aparecem nos momentos graves) encarregados na Assembleia Geral de tratar o problema, tudo far\u00e3o para salvaguardar os nossos interesses.\u201d<\/p>\n<div class=\"tweetthis\" style=\"text-align:left;\"><p> <a target=\"_blank\" rel=\"nofollow\" class=\"tt\" href=\"http:\/\/twitter.com\/home\/?status=1932+%E2%80%93+As+ideias+de+Retamoza+Dias%2C+o+novo+Presidente+https%3A%2F%2Fis.gd%2FxSWhZQ\" title=\"Post to Twitter\"><img decoding=\"async\" class=\"nothumb\" src=\"http:\/\/www.sportingcanal.com\/wp-content\/plugins\/tweet-this\/icons\/en\/twitter\/tt-twitter6.png\" alt=\"Post to Twitter\" \/><\/a><\/p><\/div>","protected":false},"excerpt":{"rendered":"<p>23 de Mar\u00e7o de 1932. Neste dia \u00c1lvaro Lu\u00eds Retamoza Dias tomou posse como presidente do Sporting. Poucas semanas depois, numa entrevista ao jornal \u201cOs Sports\u201d, o novo l\u00edder leonino afirmava que: \u201cAssumir a presid\u00eancia foi para mim um sacrif\u00edcio e uma responsabilidade. Fi-lo por esp\u00edrito de disciplina e confiado na colabora\u00e7\u00e3o de numerosos amigos [&hellip;]<\/p>\n","protected":false},"author":1,"featured_media":3577,"comment_status":"open","ping_status":"open","sticky":false,"template":"","format":"standard","meta":{"_et_pb_use_builder":"","_et_pb_old_content":"","_et_gb_content_width":"","footnotes":""},"categories":[4],"tags":[34,272],"_links":{"self":[{"href":"https:\/\/www.sportingcanal.com\/index.php?rest_route=\/wp\/v2\/posts\/3576"}],"collection":[{"href":"https:\/\/www.sportingcanal.com\/index.php?rest_route=\/wp\/v2\/posts"}],"about":[{"href":"https:\/\/www.sportingcanal.com\/index.php?rest_route=\/wp\/v2\/types\/post"}],"author":[{"embeddable":true,"href":"https:\/\/www.sportingcanal.com\/index.php?rest_route=\/wp\/v2\/users\/1"}],"replies":[{"embeddable":true,"href":"https:\/\/www.sportingcanal.com\/index.php?rest_route=%2Fwp%2Fv2%2Fcomments&post=3576"}],"version-history":[{"count":18,"href":"https:\/\/www.sportingcanal.com\/index.php?rest_route=\/wp\/v2\/posts\/3576\/revisions"}],"predecessor-version":[{"id":39885,"href":"https:\/\/www.sportingcanal.com\/index.php?rest_route=\/wp\/v2\/posts\/3576\/revisions\/39885"}],"wp:featuredmedia":[{"embeddable":true,"href":"https:\/\/www.sportingcanal.com\/index.php?rest_route=\/wp\/v2\/media\/3577"}],"wp:attachment":[{"href":"https:\/\/www.sportingcanal.com\/index.php?rest_route=%2Fwp%2Fv2%2Fmedia&parent=3576"}],"wp:term":[{"taxonomy":"category","embeddable":true,"href":"https:\/\/www.sportingcanal.com\/index.php?rest_route=%2Fwp%2Fv2%2Fcategories&post=3576"},{"taxonomy":"post_tag","embeddable":true,"href":"https:\/\/www.sportingcanal.com\/index.php?rest_route=%2Fwp%2Fv2%2Ftags&post=3576"}],"curies":[{"name":"wp","href":"https:\/\/api.w.org\/{rel}","templated":true}]}}