{"id":3591,"date":"2026-03-26T08:30:34","date_gmt":"2026-03-26T07:30:34","guid":{"rendered":"http:\/\/www.sportingcanal.com\/?p=3591"},"modified":"2026-03-27T20:13:39","modified_gmt":"2026-03-27T19:13:39","slug":"1922-campeoes-regionais-de-futebol-pela-3%c2%aa-vez-num-jogo-tumultuoso","status":"publish","type":"post","link":"https:\/\/www.sportingcanal.com\/?p=3591","title":{"rendered":"1922 \u2013 Campe\u00f5es Regionais de Futebol pela 3\u00aa vez num jogo tumultuoso"},"content":{"rendered":"<p>&nbsp;<\/p>\n<p>26 de Mar\u00e7o de 1922.\u00a0A equipa de futebol do Sporting fez uma \u00f3tima 1\u00aa fase do Campeonato de Lisboa. Depois de 5 vit\u00f3rias seguidas, perderia apenas a \u00faltima partida, \u201cfora\u201d, com o Benfica, por 1-0, o que n\u00e3o a impediu de triunfar na sua s\u00e9rie.<\/p>\n<p>Como o vencedor da outra s\u00e9rie foi o Belenenses, foi entre le\u00f5es e azuis que se disputou a grande final, com os sportinguistas a tentarem a sua 3\u00aa vit\u00f3ria e os belenenses \u00e0 procura do seu 1\u00ba t\u00edtulo. A partida decorreu no Stadium de Lisboa, tendo o Sporting, sob a orienta\u00e7\u00e3o de Augusto Sabbo, alinhado com:\u00a0Amadeu Cruz; Joaquim Ferreira e Jorge Vieira; Jo\u00e3o Francisco, Filipe dos Santos e Henrique Portela; Torres Pereira, Jaime Gon\u00e7alves, Francisco Stromp (cap), Em\u00edlio Ramos e Jos\u00e9 Leandro.<\/p>\n<p>\u00c0s 16 horas as equipas entraram em campo seguidas por alguns diretores dos 2 clubes que trocaram cumprimentos. Os capit\u00e3es, Francisco Stromp e Artur Jos\u00e9 Pereira (um ex-le\u00e3o) abra\u00e7aram-se e com aparente sinceridade trocaram ramos de flores.<\/p>\n<p>O Sporting come\u00e7ou com o vento a favor, que soprava muito e simplificava a sua miss\u00e3o, tanto defensiva como ofensivamente. A pouco e pouco notava-se nervosismo nos homens de Bel\u00e9m (talvez pela perspetiva de darem ao seu emblema o 1\u00ba t\u00edtulo). A certa altura, por exemplo, Azevedo (defesa azul) numa das suas entradas pretendendo desarmar Francisco Stromp, atingiu-o rasgando-lhe os cal\u00e7\u00f5es. O capit\u00e3o sportinguista n\u00e3o \u201clevou a mal\u201d o ato e calmamente saiu para substituir os ditos&#8230;<\/p>\n<p>O Sporting, controlando o jogo, pressionava muito e desorientava assim os advers\u00e1rios. Num canto de Leandro a bola bateu na m\u00e3o de Ferreira e o \u00e1rbitro marcou o respetivo penalty. Jaime pontapeou imparavelmente fazendo o 1-0. O p\u00fablico, muito ativo, protestou ruidosamente a marca\u00e7\u00e3o do castigo (na altura, um golo de penalty, mesmo que bem assinalado, era considerado menor, e n\u00e3o foram raras vezes que a pr\u00f3pria equipa benefici\u00e1ria do castigo o falhava de prop\u00f3sito&#8230;) e a partir da\u00ed entrou em conflito constante com o \u00e1rbitro.<\/p>\n<p>Joaquim Rio desatou a jogar violentamente at\u00e9 que se excedeu e o juiz o expulsou. O interior-esquerdo do Belenenses s\u00f3 saiu de campo a muito custo, e por imposi\u00e7\u00e3o do capit\u00e3o Artur Jos\u00e9 Pereira (que se despedia do futebol nessa tarde). Em sequ\u00eancia disso um dos espetadores, empunhando um guarda-chuva, avan\u00e7ou pelo campo em marcha acelerada para agredir o \u00e1rbitro, caso entretanto sanado.\u00a0O jogo prosseguiu e Alberto Rio teve um belo remate \u00e0 trave que poderia ter empatado a contenda antes do intervalo.<\/p>\n<p>Para a 2\u00aa parte, com autoriza\u00e7\u00e3o do \u00e1rbitro (!), Joaquim Rio voltou ao jogo o que provocou alguma acalmia no p\u00fablico. O Belenenses, agora com o vento a favor, faria tudo para inverter as coisas. No entanto, os jogadores do Sporting mostravam-se mais serenos que o advers\u00e1rio, combinando acertadamente entre si e desenvolvendo melhor futebol.<\/p>\n<p>O Belenenses jogava duro, com muitas incorre\u00e7\u00f5es, e o Sporting procurava responder \u201cda mesma mo\u00e9da\u201d. Em pouco tempo, grande incid\u00eancias. Francisco Stromp atirou \u00e0 trave e logo a seguir Jorge Vieira carregou Joaquim Rio na \u00e1rea. Neves Eug\u00e9nio assinalou o penalty e grande expetativa se criou. Contra todas as previs\u00f5es o valente Amadeu Cruz defendeu serenamente a grande penalidade apontada por Alberto Rio e o Belenenses ficou completamente desorientado, jogando cada vez com mais viol\u00eancia que o \u00e1rbitro n\u00e3o tinha \u201cfor\u00e7a\u201d para reprimir.<\/p>\n<p>Apesar de todo o mau ambiente criado, sem qualquer responsabilidade por isso,\u00a0 o Sporting mantinha-se sereno, e a 15 minutos do fim criou o p\u00e2nico na defesa advers\u00e1ria. M\u00e1rio Duarte saiu a soco magoando o colega Anacleto e Em\u00edlio Ramos aproveitou de forma perspicaz as redes abandonadas para marcar o 2-0, \u201cacabando\u201d com o jogo.<\/p>\n<p>Almeida e Artur Jos\u00e9 Pereira, de cabe\u00e7a perdida, cometeram todo o tipo poss\u00edvel e imagin\u00e1rio de incorre\u00e7\u00f5es a partir da\u00ed. Para se ter uma ideia de como o jogo decorreu, e socorrendo-nos da estat\u00edstica da \u00e9poca, poder-se-\u00e0 dizer que o Sporting rematou 11 vezes \u00e0 baliza contra 5 do seu advers\u00e1rio, tendo beneficiado de 8 cantos e 21 livres contra 2 cantos e 13 livres \u2013 dom\u00ednio claro dos le\u00f5es.<\/p>\n<p>O Sporting venceu em todas as vertentes. Foi a melhor equipa, a que deu mais espet\u00e1culo e a que teve uma postura correta face \u00e0s in\u00fameras press\u00f5es. Individualmente Filipe dos Santos foi o melhor homem em campo, tendo at\u00e9 esta altura a melhor presta\u00e7\u00e3o da sua vida futebol\u00edstica, mas Jo\u00e3o Francisco e Henrique Portela tamb\u00e9m estiveram muito bem. No boletim leonino dessa semana (o 1\u00ba da hist\u00f3ria), Jos\u00e9 Serrano dizia que: \u201cN\u00e3o foi s\u00f3 pelo bom jogo e pelos golos que ganh\u00e1mos o desafio; a nossa maior vit\u00f3ria foi o porte correto e a resigna\u00e7\u00e3o com que recebemos e cal\u00e1mos as agress\u00f5es de que fomos v\u00edtimas. \u00c9 assim que os amigos do Sporting desejam que se jogue sempre, mesmo que nem sempre se ven\u00e7a. No domingo passado a nossa bandeira foi elevada a uma altura a que poucas conseguir\u00e3o chegar!\u201d<\/p>\n<p>Na imagem, uma das equipas do Sporting utilizadas nessa temporada. Da esquerda para a direita e de cima para baixo: Henrique\u00a0Portela, Amadeu Cruz, Filipe dos Santos, Jo\u00e3o Francisco, Em\u00edlio Ramos e Jorge Vieira;\u00a0Torres Pereira, Jaime Gon\u00e7alves, Joaquim Ferreira, Francisco Stromp e Mendes Leal.<\/p>\n<div class=\"tweetthis\" style=\"text-align:left;\"><p> <a target=\"_blank\" rel=\"nofollow\" class=\"tt\" href=\"http:\/\/twitter.com\/home\/?status=1922+%E2%80%93+Campe%C3%B5es+Regionais+de+Futebol+pela+3%C2%AA+vez+num+jogo+tumultuoso+https%3A%2F%2Fis.gd%2Fa2v02l\" title=\"Post to Twitter\"><img decoding=\"async\" class=\"nothumb\" src=\"http:\/\/www.sportingcanal.com\/wp-content\/plugins\/tweet-this\/icons\/en\/twitter\/tt-twitter6.png\" alt=\"Post to Twitter\" \/><\/a><\/p><\/div>","protected":false},"excerpt":{"rendered":"<p>&nbsp; 26 de Mar\u00e7o de 1922.\u00a0A equipa de futebol do Sporting fez uma \u00f3tima 1\u00aa fase do Campeonato de Lisboa. Depois de 5 vit\u00f3rias seguidas, perderia apenas a \u00faltima partida, \u201cfora\u201d, com o Benfica, por 1-0, o que n\u00e3o a impediu de triunfar na sua s\u00e9rie. Como o vencedor da outra s\u00e9rie foi o Belenenses, [&hellip;]<\/p>\n","protected":false},"author":1,"featured_media":3592,"comment_status":"open","ping_status":"open","sticky":false,"template":"","format":"standard","meta":{"_et_pb_use_builder":"","_et_pb_old_content":"","_et_gb_content_width":"","footnotes":""},"categories":[17],"tags":[28,8],"_links":{"self":[{"href":"https:\/\/www.sportingcanal.com\/index.php?rest_route=\/wp\/v2\/posts\/3591"}],"collection":[{"href":"https:\/\/www.sportingcanal.com\/index.php?rest_route=\/wp\/v2\/posts"}],"about":[{"href":"https:\/\/www.sportingcanal.com\/index.php?rest_route=\/wp\/v2\/types\/post"}],"author":[{"embeddable":true,"href":"https:\/\/www.sportingcanal.com\/index.php?rest_route=\/wp\/v2\/users\/1"}],"replies":[{"embeddable":true,"href":"https:\/\/www.sportingcanal.com\/index.php?rest_route=%2Fwp%2Fv2%2Fcomments&post=3591"}],"version-history":[{"count":23,"href":"https:\/\/www.sportingcanal.com\/index.php?rest_route=\/wp\/v2\/posts\/3591\/revisions"}],"predecessor-version":[{"id":39896,"href":"https:\/\/www.sportingcanal.com\/index.php?rest_route=\/wp\/v2\/posts\/3591\/revisions\/39896"}],"wp:featuredmedia":[{"embeddable":true,"href":"https:\/\/www.sportingcanal.com\/index.php?rest_route=\/wp\/v2\/media\/3592"}],"wp:attachment":[{"href":"https:\/\/www.sportingcanal.com\/index.php?rest_route=%2Fwp%2Fv2%2Fmedia&parent=3591"}],"wp:term":[{"taxonomy":"category","embeddable":true,"href":"https:\/\/www.sportingcanal.com\/index.php?rest_route=%2Fwp%2Fv2%2Fcategories&post=3591"},{"taxonomy":"post_tag","embeddable":true,"href":"https:\/\/www.sportingcanal.com\/index.php?rest_route=%2Fwp%2Fv2%2Ftags&post=3591"}],"curies":[{"name":"wp","href":"https:\/\/api.w.org\/{rel}","templated":true}]}}