{"id":3595,"date":"2026-03-26T09:30:22","date_gmt":"2026-03-26T08:30:22","guid":{"rendered":"http:\/\/www.sportingcanal.com\/?p=3595"},"modified":"2026-03-27T20:13:47","modified_gmt":"2026-03-27T19:13:47","slug":"uma-bela-exibicao-do-novo-sporting-de-mario-lino","status":"publish","type":"post","link":"https:\/\/www.sportingcanal.com\/?p=3595","title":{"rendered":"1972 &#8211; Uma bela exibi\u00e7\u00e3o do \u201cnovo Sporting\u201d de M\u00e1rio Lino"},"content":{"rendered":"<p>26 de Mar\u00e7o de 1972. Sporting e FC Porto fizeram um Campeonato irregular. Quando se defrontaram em Alvalade, \u00e0 24\u00aa jornada, j\u00e1 ambos estava longe do t\u00edtulo. Ainda assim a partida foi agrad\u00e1vel, constituindo uma das vit\u00f3rias mais marcantes da temporada para o Sporting, j\u00e1 de M\u00e1rio Lino, j\u00e1 sem Fernando Vaz. A equipa:\u00a0Damas; Pedro Gomes, Laranjeira, Jos\u00e9 Carlos (cap) e Hil\u00e1rio; Manaca &#8211; Louren\u00e7o 22, N\u00e9lson e Peres; Chico, Yazalde &#8211; Marinho 32 e Dinis.<\/p>\n<p>Antes da partida se iniciar, Damas recebeu das m\u00e3os de um representante da Ag\u00eancia Portuguesa de Revistas um trof\u00e9u denominado \u201cBaliza de Prata\u201d premiando-o por ter sido o guarda-redes menos batido da temporada anterior. Com M\u00e1rio Lino no comando t\u00e9cnico a equipa do Sporting estava diferente. A condi\u00e7\u00e3o f\u00edsica era melhor, e a atitude tamb\u00e9m. Neste despique com o FC Porto, por exemplo, o Sporting lan\u00e7ou-se abertamente ao ataque desde o 1\u00ba minuto, encurralando o seu advers\u00e1rio atr\u00e1s. S\u00f3 Manaca se postava claramente a meio-campo. Os le\u00f5es jogavam de forma muito direta, adiantando muitos homens para a zona defensiva portista.<\/p>\n<p>Assim, n\u00e3o se estranhou que aos 33 minutos o Sporting inaugurasse o marcador. Numa jogada pelo flanco esquerdo, Dinis centrou a meia altura na dire\u00e7\u00e3o de Yazalde, mas Rolando interp\u00f4s-se acabando por tocar a bola na dire\u00e7\u00e3o da sua pr\u00f3pria baliza. Apesar do esfor\u00e7o de Rui (ainda lhe tocou) o esf\u00e9rico entrou nas redes. At\u00e9 ao descanso os le\u00f5es mantiveram o dom\u00ednio mas a sua grande pecha da temporada &#8211; d\u00e9fice de finaliza\u00e7\u00e3o, destacou-se como nunca. O intervalo chegou com 1-0.<\/p>\n<p>Aos 56 minutos os portistas chegaram ao empate. Lemos fugiu pela esquerda e tocou curto para Abel,que aproveitando alguma passividade de Laranjeira, rematou cruzado ao poste mais distante tornando infrut\u00edfera a estirada de Damas. Os le\u00f5es reagiram de pronto, e apesar de n\u00e3o jogarem t\u00e3o bem como no 1\u00ba tempo, conseguiram chegar \u00e0 vit\u00f3ria aos 63 minutos. Num canto marcado na esquerda por Hil\u00e1rio, Dinis saltou e tocou o esf\u00e9rico para a confus\u00e3o. Muito oportuno, Chico (foto de arquivo) rematou rasteiro por entre uma \u201cfloresta de pernas\u201d e com \u00eaxito. Depois foi um desperdi\u00e7ar incr\u00edvel de v\u00e1rias oportunidades, destacando-se um \u201ctiro\u201d de Marinho \u00e0 trave e uma grande chance de N\u00e9lson conclu\u00edda um pouco por alto.<\/p>\n<p>No final, o 2-1 era curt\u00edssimo para aquilo que se tinha passado no relvado de Alvalade. M\u00e1rio Lino estava satisfeito com o resultado: \u201cFoi um grande jogo entre duas grandes equipas. O Sporting comprovou hoje a sua melhoria, ganhou bem tendo realizado uma convincente exibi\u00e7\u00e3o. O FC Porto apresentou-se muito bem fisicamente, t\u00e9cnica e taticamente tamb\u00e9m esteve em bom n\u00edvel. N\u00f3s vamos lutar por obter a melhor classifica\u00e7\u00e3o poss\u00edvel. H\u00e1 jogadores que acusam n\u00edtida subida de forma como Louren\u00e7o, Joaquim Rocha, Marinho, Dani, Carlos Pereira e Vagner. Louren\u00e7o, ainda hoje demonstrou grande esp\u00edrito de sacrif\u00edcio auxiliando o meio-campo e indo \u00e0 frente tentar o golo. Vagner tamb\u00e9m est\u00e1 em excelente momento\u201d.<\/p>\n<div class=\"tweetthis\" style=\"text-align:left;\"><p> <a target=\"_blank\" rel=\"nofollow\" class=\"tt\" href=\"http:\/\/twitter.com\/home\/?status=1972+%E2%80%93+Uma+bela+exibi%C3%A7%C3%A3o+do+%E2%80%9Cnovo+Sporting%E2%80%9D+de+M%C3%A1rio+Lino+https%3A%2F%2Fis.gd%2FNPUvKH\" title=\"Post to Twitter\"><img decoding=\"async\" class=\"nothumb\" src=\"http:\/\/www.sportingcanal.com\/wp-content\/plugins\/tweet-this\/icons\/en\/twitter\/tt-twitter6.png\" alt=\"Post to Twitter\" \/><\/a><\/p><\/div>","protected":false},"excerpt":{"rendered":"<p>26 de Mar\u00e7o de 1972. Sporting e FC Porto fizeram um Campeonato irregular. Quando se defrontaram em Alvalade, \u00e0 24\u00aa jornada, j\u00e1 ambos estava longe do t\u00edtulo. Ainda assim a partida foi agrad\u00e1vel, constituindo uma das vit\u00f3rias mais marcantes da temporada para o Sporting, j\u00e1 de M\u00e1rio Lino, j\u00e1 sem Fernando Vaz. A equipa:\u00a0Damas; Pedro [&hellip;]<\/p>\n","protected":false},"author":1,"featured_media":3596,"comment_status":"open","ping_status":"open","sticky":false,"template":"","format":"standard","meta":{"_et_pb_use_builder":"","_et_pb_old_content":"","_et_gb_content_width":"","footnotes":""},"categories":[4],"tags":[22,8,68],"_links":{"self":[{"href":"https:\/\/www.sportingcanal.com\/index.php?rest_route=\/wp\/v2\/posts\/3595"}],"collection":[{"href":"https:\/\/www.sportingcanal.com\/index.php?rest_route=\/wp\/v2\/posts"}],"about":[{"href":"https:\/\/www.sportingcanal.com\/index.php?rest_route=\/wp\/v2\/types\/post"}],"author":[{"embeddable":true,"href":"https:\/\/www.sportingcanal.com\/index.php?rest_route=\/wp\/v2\/users\/1"}],"replies":[{"embeddable":true,"href":"https:\/\/www.sportingcanal.com\/index.php?rest_route=%2Fwp%2Fv2%2Fcomments&post=3595"}],"version-history":[{"count":21,"href":"https:\/\/www.sportingcanal.com\/index.php?rest_route=\/wp\/v2\/posts\/3595\/revisions"}],"predecessor-version":[{"id":39900,"href":"https:\/\/www.sportingcanal.com\/index.php?rest_route=\/wp\/v2\/posts\/3595\/revisions\/39900"}],"wp:featuredmedia":[{"embeddable":true,"href":"https:\/\/www.sportingcanal.com\/index.php?rest_route=\/wp\/v2\/media\/3596"}],"wp:attachment":[{"href":"https:\/\/www.sportingcanal.com\/index.php?rest_route=%2Fwp%2Fv2%2Fmedia&parent=3595"}],"wp:term":[{"taxonomy":"category","embeddable":true,"href":"https:\/\/www.sportingcanal.com\/index.php?rest_route=%2Fwp%2Fv2%2Fcategories&post=3595"},{"taxonomy":"post_tag","embeddable":true,"href":"https:\/\/www.sportingcanal.com\/index.php?rest_route=%2Fwp%2Fv2%2Ftags&post=3595"}],"curies":[{"name":"wp","href":"https:\/\/api.w.org\/{rel}","templated":true}]}}