{"id":3605,"date":"2026-03-26T09:00:52","date_gmt":"2026-03-26T08:00:52","guid":{"rendered":"http:\/\/www.sportingcanal.com\/?p=3605"},"modified":"2026-03-27T20:13:43","modified_gmt":"2026-03-27T19:13:43","slug":"rui-de-araujo-e-valadas-em-destaque-frente-ao-benfica","status":"publish","type":"post","link":"https:\/\/www.sportingcanal.com\/?p=3605","title":{"rendered":"1933 &#8211; Rui de Ara\u00fajo e Valadas em destaque frente ao Benfica"},"content":{"rendered":"<p>26 de Mar\u00e7o de 1933.\u00a0O Sporting (orientado por Rudolf Jeny), l\u00edder do Regional lisboeta, recebia o Benfica para uma partida muito importante que, em caso de vit\u00f3ria, poria os le\u00f5es em \u00f3tima situa\u00e7\u00e3o para chegarem \u00e0 gl\u00f3ria. Para al\u00e9m disso a partida tinha a curiosidade de os verdes pretenderem a desforra depois da derrota na 1\u00aa volta. A equipa:\u00a0Jos\u00e9 Luiz; Jurado e Joaquim Serrano; Varela, Rui de Ara\u00fajo e Forno; Abrantes Mendes, Ferrer, Lu\u00eds Gomes, Mour\u00e3o e Valadas.<\/p>\n<p>O Sporting entrou em jogo com uma postura corajosa. A equipa estava animada com a lideran\u00e7a da prova e aos 23 minutos abriu o ativo por Valadas (aparentemente em fora-de-jogo) assistido por Ferrer (no seu \u00fanico jogo oficial pelo clube)\u00a0ap\u00f3s uma recupera\u00e7\u00e3o de bola de Varela.<\/p>\n<p>Nesse 1\u00ba tempo o Benfica teve apenas uma oportunidade para marcar, com Jos\u00e9 Luiz a arrojar-se muito bem aos p\u00e9s de Deniz. Os le\u00f5es, para al\u00e9m do golo, poderiam ter faturado num golpe de cabe\u00e7a de Valadas e outro de Mour\u00e3o &#8211; que saiu a cent\u00edmetros da trave ap\u00f3s centro de Abrantes Mendes.<\/p>\n<p>Os verde e brancos voltaram a entrar muito bem na 2\u00aa parte, e logo aos 52 minutos, ap\u00f3s solicita\u00e7\u00e3o de Abrantes Mendes, Mour\u00e3o concluiu com \u00eaxito. O Benfica tentou responder mas era o seu guarda-redes quem tinha trabalho. Aos 67 minutos um tira\u00e7o de Lu\u00eds Gomes fixou o resultado em 3-0. Pouco depois o mesmo Lu\u00eds Gomes deu m\u00e3o na \u00e1rea e no penalty respetivo V\u00edtor Silva reduziu. O Benfica, muito apoiado pela sua franja de p\u00fablico, lan\u00e7ou-se ent\u00e3o abertamente ao ataque e poderia, de facto, ter marcado por mais de uma vez. O Sporting soube sofrer e antes do fim Abrantes Mendes ainda desperdi\u00e7ou um &#8220;golo feito&#8221;.<\/p>\n<p>Segundo o jornal &#8220;Os Sports&#8221;: &#8220;Rui de Ara\u00fajo (foto de arquivo) voltou a ser a principal figura do Sporting, se bem que Valadas tamb\u00e9m mere\u00e7a uma refer\u00eancia especial. O Sporting venceu com m\u00e9rito, sabendo superar as dificuldades criadas pelo seu valoroso advers\u00e1rio&#8221;.<\/p>\n<div class=\"tweetthis\" style=\"text-align:left;\"><p> <a target=\"_blank\" rel=\"nofollow\" class=\"tt\" href=\"http:\/\/twitter.com\/home\/?status=1933+%E2%80%93+Rui+de+Ara%C3%BAjo+e+Valadas+em+destaque+frente+ao+Benfica+https%3A%2F%2Fis.gd%2FWEPLEz\" title=\"Post to Twitter\"><img decoding=\"async\" class=\"nothumb\" src=\"http:\/\/www.sportingcanal.com\/wp-content\/plugins\/tweet-this\/icons\/en\/twitter\/tt-twitter6.png\" alt=\"Post to Twitter\" \/><\/a><\/p><\/div>","protected":false},"excerpt":{"rendered":"<p>26 de Mar\u00e7o de 1933.\u00a0O Sporting (orientado por Rudolf Jeny), l\u00edder do Regional lisboeta, recebia o Benfica para uma partida muito importante que, em caso de vit\u00f3ria, poria os le\u00f5es em \u00f3tima situa\u00e7\u00e3o para chegarem \u00e0 gl\u00f3ria. Para al\u00e9m disso a partida tinha a curiosidade de os verdes pretenderem a desforra depois da derrota na [&hellip;]<\/p>\n","protected":false},"author":1,"featured_media":3606,"comment_status":"open","ping_status":"open","sticky":false,"template":"","format":"standard","meta":{"_et_pb_use_builder":"","_et_pb_old_content":"","_et_gb_content_width":"","footnotes":""},"categories":[4],"tags":[28,8,69],"_links":{"self":[{"href":"https:\/\/www.sportingcanal.com\/index.php?rest_route=\/wp\/v2\/posts\/3605"}],"collection":[{"href":"https:\/\/www.sportingcanal.com\/index.php?rest_route=\/wp\/v2\/posts"}],"about":[{"href":"https:\/\/www.sportingcanal.com\/index.php?rest_route=\/wp\/v2\/types\/post"}],"author":[{"embeddable":true,"href":"https:\/\/www.sportingcanal.com\/index.php?rest_route=\/wp\/v2\/users\/1"}],"replies":[{"embeddable":true,"href":"https:\/\/www.sportingcanal.com\/index.php?rest_route=%2Fwp%2Fv2%2Fcomments&post=3605"}],"version-history":[{"count":21,"href":"https:\/\/www.sportingcanal.com\/index.php?rest_route=\/wp\/v2\/posts\/3605\/revisions"}],"predecessor-version":[{"id":39898,"href":"https:\/\/www.sportingcanal.com\/index.php?rest_route=\/wp\/v2\/posts\/3605\/revisions\/39898"}],"wp:featuredmedia":[{"embeddable":true,"href":"https:\/\/www.sportingcanal.com\/index.php?rest_route=\/wp\/v2\/media\/3606"}],"wp:attachment":[{"href":"https:\/\/www.sportingcanal.com\/index.php?rest_route=%2Fwp%2Fv2%2Fmedia&parent=3605"}],"wp:term":[{"taxonomy":"category","embeddable":true,"href":"https:\/\/www.sportingcanal.com\/index.php?rest_route=%2Fwp%2Fv2%2Fcategories&post=3605"},{"taxonomy":"post_tag","embeddable":true,"href":"https:\/\/www.sportingcanal.com\/index.php?rest_route=%2Fwp%2Fv2%2Ftags&post=3605"}],"curies":[{"name":"wp","href":"https:\/\/api.w.org\/{rel}","templated":true}]}}