{"id":3632,"date":"2026-03-28T09:00:50","date_gmt":"2026-03-28T08:00:50","guid":{"rendered":"http:\/\/www.sportingcanal.com\/?p=3632"},"modified":"2026-03-29T22:30:54","modified_gmt":"2026-03-29T21:30:54","slug":"jovem-libanio-decidiu-no-prolongamento-frente-ao-benfica","status":"publish","type":"post","link":"https:\/\/www.sportingcanal.com\/?p=3632","title":{"rendered":"1976 &#8211; Jovem Lib\u00e2nio decidiu, no prolongamento, frente ao Benfica"},"content":{"rendered":"<p>28 de Mar\u00e7o de 1976. Em jogo a contar para os 1\/16 final da Ta\u00e7a de Portugal o Sporting recebeu o Benfica. Juca treinava os le\u00f5es, que alinharam com: Matos; Tom\u00e9, Jos\u00e9 Mendes, Laranjeira e Da Costa; Nelson (V\u00edtor Gomes 105), Fraguito e Baltazar ; Marinho (cap), Manuel Fernandes e Chico (Lib\u00e2nio 105).<\/p>\n<p>O Sporting n\u00e3o estava num bom momento, e o advers\u00e1rio era o Benfica, que caminhava para o bicampeonato. No entanto, no derby de todas as emo\u00e7\u00f5es, os sportinguistas n\u00e3o se atemorizaram e realizaram uma exibi\u00e7\u00e3o esfor\u00e7ada, plena de garra.<\/p>\n<p>Os 90 minutos chegaram sem golos, pelo que houve que proceder a um prolongamento. Com as equipas verdadeiramente extenuadas a emo\u00e7\u00e3o aumentava de minuto para minuto. Na mudan\u00e7a de campo desse per\u00edodo Juca fez entrar V\u00edtor Gomes e Lib\u00e2nio (foto), e este, um jovem de 19 anos, acabou por ser o her\u00f3i da tarde, fazendo a\u00ed o seu 1\u00ba golo pelo Sporting e decidindo a contenda.<\/p>\n<div class=\"tweetthis\" style=\"text-align:left;\"><p> <a target=\"_blank\" rel=\"nofollow\" class=\"tt\" href=\"http:\/\/twitter.com\/home\/?status=1976+%E2%80%93+Jovem+Lib%C3%A2nio+decidiu%2C+no+prolongamento%2C+frente+ao+Benfica+https%3A%2F%2Fis.gd%2FfwKy2D\" title=\"Post to Twitter\"><img decoding=\"async\" class=\"nothumb\" src=\"http:\/\/www.sportingcanal.com\/wp-content\/plugins\/tweet-this\/icons\/en\/twitter\/tt-twitter6.png\" alt=\"Post to Twitter\" \/><\/a><\/p><\/div>","protected":false},"excerpt":{"rendered":"<p>28 de Mar\u00e7o de 1976. Em jogo a contar para os 1\/16 final da Ta\u00e7a de Portugal o Sporting recebeu o Benfica. Juca treinava os le\u00f5es, que alinharam com: Matos; Tom\u00e9, Jos\u00e9 Mendes, Laranjeira e Da Costa; Nelson (V\u00edtor Gomes 105), Fraguito e Baltazar ; Marinho (cap), Manuel Fernandes e Chico (Lib\u00e2nio 105). O Sporting [&hellip;]<\/p>\n","protected":false},"author":1,"featured_media":3633,"comment_status":"open","ping_status":"open","sticky":false,"template":"","format":"standard","meta":{"_et_pb_use_builder":"","_et_pb_old_content":"","_et_gb_content_width":"","footnotes":""},"categories":[4],"tags":[8,12,69],"_links":{"self":[{"href":"https:\/\/www.sportingcanal.com\/index.php?rest_route=\/wp\/v2\/posts\/3632"}],"collection":[{"href":"https:\/\/www.sportingcanal.com\/index.php?rest_route=\/wp\/v2\/posts"}],"about":[{"href":"https:\/\/www.sportingcanal.com\/index.php?rest_route=\/wp\/v2\/types\/post"}],"author":[{"embeddable":true,"href":"https:\/\/www.sportingcanal.com\/index.php?rest_route=\/wp\/v2\/users\/1"}],"replies":[{"embeddable":true,"href":"https:\/\/www.sportingcanal.com\/index.php?rest_route=%2Fwp%2Fv2%2Fcomments&post=3632"}],"version-history":[{"count":24,"href":"https:\/\/www.sportingcanal.com\/index.php?rest_route=\/wp\/v2\/posts\/3632\/revisions"}],"predecessor-version":[{"id":39909,"href":"https:\/\/www.sportingcanal.com\/index.php?rest_route=\/wp\/v2\/posts\/3632\/revisions\/39909"}],"wp:featuredmedia":[{"embeddable":true,"href":"https:\/\/www.sportingcanal.com\/index.php?rest_route=\/wp\/v2\/media\/3633"}],"wp:attachment":[{"href":"https:\/\/www.sportingcanal.com\/index.php?rest_route=%2Fwp%2Fv2%2Fmedia&parent=3632"}],"wp:term":[{"taxonomy":"category","embeddable":true,"href":"https:\/\/www.sportingcanal.com\/index.php?rest_route=%2Fwp%2Fv2%2Fcategories&post=3632"},{"taxonomy":"post_tag","embeddable":true,"href":"https:\/\/www.sportingcanal.com\/index.php?rest_route=%2Fwp%2Fv2%2Ftags&post=3632"}],"curies":[{"name":"wp","href":"https:\/\/api.w.org\/{rel}","templated":true}]}}