{"id":3636,"date":"2026-03-28T08:00:10","date_gmt":"2026-03-28T07:00:10","guid":{"rendered":"http:\/\/www.sportingcanal.com\/?p=3636"},"modified":"2026-03-29T22:30:41","modified_gmt":"2026-03-29T21:30:41","slug":"ana-rita-falcao-patinadora-de-classe-internacional","status":"publish","type":"post","link":"https:\/\/www.sportingcanal.com\/?p=3636","title":{"rendered":"Ana Rita Falc\u00e3o \u2013 Patinadora de classe internacional"},"content":{"rendered":"<p>Nasceu a 28 de Mar\u00e7o de 1974 e \u00e9 uma das figuras cimeiras de sempre da Patinagem Art\u00edstica em Portugal. Uma das principais respons\u00e1veis pelo seu \u201clan\u00e7amento\u201d internacional foi a, tamb\u00e9m grande patinadora do Sporting, F\u00e1tima Baptista.<\/p>\n<p>Esteve de verde e branco de 1995 a 1997 tendo ganho, praticamente, tudo o que havia para ganhar: 2 Campeonatos Nacionais Individuais em Patinagem Art\u00edstica, 2 Campeonatos Nacionais Individuais em Patinagem Livre, 2 Campeonatos Nacionais Individuais em Patinagem \u2013 Combinado e 2 Campeonatos Nacionais Individuais em Patinagem \u2013 Figuras Obrigat\u00f3rias.<\/p>\n<p>Enquanto atleta do Sporting, conquistou ainda, em finais de Setembro de 1995, a Medalha de Prata (no combinado) e de bronze (livre) no Campeonato Europeu em Patinagem Art\u00edstica em Saarbr\u00fcken, na Alemanha. Em Abril de 1996 ganhou a Ta\u00e7a Latina.<\/p>\n<p>J\u00e1 como atleta da AD Oeiras, foi medalha de prata e de bronze em 1998 e duplo ouro em 1999.\u00a0Depois esteve 5 anos sem competir, j\u00e1 que optou por tirar o curso de Medicina, tendo regressado posteriormente \u00e0 modalidade ao servi\u00e7o do AEFD de Torres Vedras.<\/p>\n<div class=\"tweetthis\" style=\"text-align:left;\"><p> <a target=\"_blank\" rel=\"nofollow\" class=\"tt\" href=\"http:\/\/twitter.com\/home\/?status=Ana+Rita+Falc%C3%A3o+%E2%80%93+Patinadora+de+classe+internacional+https%3A%2F%2Fis.gd%2FgsKM31\" title=\"Post to Twitter\"><img decoding=\"async\" class=\"nothumb\" src=\"http:\/\/www.sportingcanal.com\/wp-content\/plugins\/tweet-this\/icons\/en\/twitter\/tt-twitter6.png\" alt=\"Post to Twitter\" \/><\/a><\/p><\/div>","protected":false},"excerpt":{"rendered":"<p>Nasceu a 28 de Mar\u00e7o de 1974 e \u00e9 uma das figuras cimeiras de sempre da Patinagem Art\u00edstica em Portugal. Uma das principais respons\u00e1veis pelo seu \u201clan\u00e7amento\u201d internacional foi a, tamb\u00e9m grande patinadora do Sporting, F\u00e1tima Baptista. Esteve de verde e branco de 1995 a 1997 tendo ganho, praticamente, tudo o que havia para ganhar: [&hellip;]<\/p>\n","protected":false},"author":1,"featured_media":3637,"comment_status":"open","ping_status":"open","sticky":false,"template":"","format":"standard","meta":{"_et_pb_use_builder":"","_et_pb_old_content":"","_et_gb_content_width":"","footnotes":""},"categories":[63],"tags":[277,78],"_links":{"self":[{"href":"https:\/\/www.sportingcanal.com\/index.php?rest_route=\/wp\/v2\/posts\/3636"}],"collection":[{"href":"https:\/\/www.sportingcanal.com\/index.php?rest_route=\/wp\/v2\/posts"}],"about":[{"href":"https:\/\/www.sportingcanal.com\/index.php?rest_route=\/wp\/v2\/types\/post"}],"author":[{"embeddable":true,"href":"https:\/\/www.sportingcanal.com\/index.php?rest_route=\/wp\/v2\/users\/1"}],"replies":[{"embeddable":true,"href":"https:\/\/www.sportingcanal.com\/index.php?rest_route=%2Fwp%2Fv2%2Fcomments&post=3636"}],"version-history":[{"count":22,"href":"https:\/\/www.sportingcanal.com\/index.php?rest_route=\/wp\/v2\/posts\/3636\/revisions"}],"predecessor-version":[{"id":39908,"href":"https:\/\/www.sportingcanal.com\/index.php?rest_route=\/wp\/v2\/posts\/3636\/revisions\/39908"}],"wp:featuredmedia":[{"embeddable":true,"href":"https:\/\/www.sportingcanal.com\/index.php?rest_route=\/wp\/v2\/media\/3637"}],"wp:attachment":[{"href":"https:\/\/www.sportingcanal.com\/index.php?rest_route=%2Fwp%2Fv2%2Fmedia&parent=3636"}],"wp:term":[{"taxonomy":"category","embeddable":true,"href":"https:\/\/www.sportingcanal.com\/index.php?rest_route=%2Fwp%2Fv2%2Fcategories&post=3636"},{"taxonomy":"post_tag","embeddable":true,"href":"https:\/\/www.sportingcanal.com\/index.php?rest_route=%2Fwp%2Fv2%2Ftags&post=3636"}],"curies":[{"name":"wp","href":"https:\/\/api.w.org\/{rel}","templated":true}]}}